{"id":115610,"date":"2021-04-25T14:00:52","date_gmt":"2021-04-25T18:00:52","guid":{"rendered":"https:\/\/linitiative.ca\/International\/%ef%bb%bfles-victimes-espagnoles-du-terrorisme-du-polisario-demandent-larrestation-immediate-de-brahim-ghali\/"},"modified":"2021-04-25T14:00:52","modified_gmt":"2021-04-25T18:00:52","slug":"%ef%bb%bfles-victimes-espagnoles-du-terrorisme-du-polisario-demandent-larrestation-immediate-de-brahim-ghali","status":"publish","type":"post","link":"https:\/\/linitiative.ca\/International\/%ef%bb%bfles-victimes-espagnoles-du-terrorisme-du-polisario-demandent-larrestation-immediate-de-brahim-ghali\/","title":{"rendered":"\ufeffLes victimes espagnoles du terrorisme du polisario demandent l\u2019arrestation imm\u00e9diate de Brahim Ghali"},"content":{"rendered":"<p class=\"has-text-color has-vivid-red-color c1\"><strong>Admis dans un h\u00f4pital \u00e0 Logrono en Espagne<\/strong><\/p>\n<p class=\"has-text-color c2\"><strong>Les victimes espagnoles des actes terroristes perp\u00e9tr\u00e9s par les s\u00e9paratistes du polisario ont r\u00e9clam\u00e9, samedi, l\u2019arrestation imm\u00e9diate du d\u00e9nomm\u00e9 Brahim Ghali, admis dans un h\u00f4pital \u00e0 Logrono, pr\u00e8s de Saragosse, sous une fausse identit\u00e9 et avec des papiers falsifi\u00e9s pour \u00e9chapper \u00e0 la justice espagnole.<\/strong><\/p>\n<p>\u00abFaisant l\u2019objet d\u2019un mandat de recherche et d\u2019arr\u00eat pour les attentats qu\u2019il a commis\u00bb, le d\u00e9nomm\u00e9 Brahim Ghali \u00abdoit \u00eatre interpell\u00e9 imm\u00e9diatement par les autorit\u00e9s espagnoles\u00bb, souligne l\u2019Association Canarienne des victimes du terrorisme (Acavite) dans un communiqu\u00e9, condamnant \u00abson entr\u00e9e ill\u00e9gale\u00bb en Espagne.<\/p>\n<p>Le chef des s\u00e9paratistes est accus\u00e9 d\u2019\u00abassassinats de travailleurs canariens\u00bb dans le territoire du Sahara, ainsi que d\u2019\u00eatre \u00able commanditaire ayant ordonn\u00e9 les assassinats, les enl\u00e8vements collectifs et les disparitions d\u2019\u00e9quipages en haute mer de marins canariens lors de la p\u00e9riode allant de 1973 \u00e0 la fin de 1986\u00bb, affirme l\u2019Association.<\/p>\n<p>Agissant avec le soutien de la F\u00e9d\u00e9ration nationale des victimes d\u2019Espagne, dont elle est membre, l\u2019Acavite, qui r\u00e9unit les proches de plus de 300 victimes du terrorisme du polisario, d\u00e9nonce la d\u00e9cision des autorit\u00e9s espagnoles d\u2019autoriser \u00abl\u2019entr\u00e9e et l\u2019hospitalisation ill\u00e9gales dans un h\u00f4pital public\u00bb d\u2019un criminel notoire qui a assassin\u00e9 des citoyens espagnols.<\/p>\n<p>Sur la base de ces arguments, l\u2019Association r\u00e9clame que \u00abl\u2019arrestation de Brahim Ghali par l\u2019Audience Nationale soit effective dans les plus brefs d\u00e9lais\u00bb.<\/p>\n<p>\u00abDe m\u00eame, nous demandons \u00e0 la Justice, au gouvernement espagnol et aux minist\u00e8res concern\u00e9s, de s\u2019acquitter au plus vite de leur devoir de s\u2019occuper des Canariens victimes du terrorisme et non des assassins du front polisario\u00bb, fait observer l\u2019Acavite qui accuse le gouvernement espagnol de participer \u00e0 un \u00abblanchiment des actions terroristes de Brahim Ghali, sous pr\u00e9texte de maladie et de pr\u00e9tendues raisons humanitaires\u00bb.<\/p>\n<p>\u00abLes victimes canariennes du terrorisme touch\u00e9es par les attentats terroristes perp\u00e9tr\u00e9s par le d\u00e9nomm\u00e9 Brahim Gali ne veulent pas laisser passer en silence l\u2019humiliation et le m\u00e9pris que la pr\u00e9sence de cet assassin signifie pour les familles \u00e9plor\u00e9es\u00bb, conclut le communiqu\u00e9.<\/p>\n<p>Les bateaux de p\u00eache espagnols +Cruz del Mar+ et +Mencey de Abona+ ont \u00e9t\u00e9 les cibles d\u2019attaques des milices du polisario durant les ann\u00e9es 70 et 80 dans la zone entre le Sahara et les Iles Canaries ayant provoqu\u00e9 la mort de plusieurs p\u00eacheurs canariens.<\/p>\n<p>Une autre victime du polisario. Le politologue espagnol, Pedro Ignacio Altamirano, a d\u00e9pos\u00e9, samedi, une plainte via son avocat aupr\u00e8s du juge d\u2019instruction du tribunal de Malaga contre le d\u00e9nomm\u00e9 Brahim Ghali.<\/p>\n<p>M. Altamirano accuse le chef des s\u00e9paratistes d\u2019\u00eatre l\u2019instigateur des menaces de mort adress\u00e9es \u00e0 son encontre par des milices du polisario \u00e0 travers les r\u00e9seaux sociaux, r\u00e9clamant l\u2019arrestation imm\u00e9diate du d\u00e9nomm\u00e9 Brahim Ghali pour menaces de mort et diffamation.<\/p>\n<p>Il s\u2019agit de la deuxi\u00e8me plainte pr\u00e9sent\u00e9e devant la justice espagnole contre le chef des s\u00e9paratistes. La d\u00e9fense de l\u2019Association sahraouie de d\u00e9fense des droits de l\u2019homme ASADEDH a demand\u00e9 aux autorit\u00e9s espagnoles d\u2019activer le mandat d\u2019arr\u00eat europ\u00e9en \u00e9mis \u00e0 l\u2019encontre du d\u00e9nomm\u00e9 Brahim Ghali.<\/p>\n<p>Auteur: M&rsquo;hammed rahal<br \/>\n<a href=\"http:\/\/albayane.press.ma\/%EF%BB%BFles-victimes-espagnoles-du-terrorisme-du-polisario-demandent-larrestation-immediate-de-brahim-ghali.html\">Cliquez ici pour lire l&rsquo;article depuis sa source.<\/a><\/p>\n","protected":false},"excerpt":{"rendered":"<p>Admis dans un h\u00f4pital \u00e0 Logrono en Espagne Les victimes espagnoles des actes terroristes perp\u00e9tr\u00e9s par les s\u00e9paratistes du polisario ont r\u00e9clam\u00e9, samedi, l\u2019arrestation imm\u00e9diate du d\u00e9nomm\u00e9 Brahim Ghali, admis dans un h\u00f4pital \u00e0 Logrono, pr\u00e8s de Saragosse, sous une fausse identit\u00e9 et avec des papiers falsifi\u00e9s pour \u00e9chapper \u00e0 la justice espagnole. \u00abFaisant l\u2019objet [&hellip;]<\/p>\n","protected":false},"author":1760,"featured_media":0,"comment_status":"closed","ping_status":"closed","sticky":false,"template":"","format":"standard","meta":{"fifu_image_url":"","fifu_image_alt":"","footnotes":""},"categories":[73,54],"tags":[],"class_list":["post-115610","post","type-post","status-publish","format-standard","hentry","category-actualite","category-maroc"],"_links":{"self":[{"href":"https:\/\/linitiative.ca\/International\/wp-json\/wp\/v2\/posts\/115610","targetHints":{"allow":["GET"]}}],"collection":[{"href":"https:\/\/linitiative.ca\/International\/wp-json\/wp\/v2\/posts"}],"about":[{"href":"https:\/\/linitiative.ca\/International\/wp-json\/wp\/v2\/types\/post"}],"author":[{"embeddable":true,"href":"https:\/\/linitiative.ca\/International\/wp-json\/wp\/v2\/users\/1760"}],"replies":[{"embeddable":true,"href":"https:\/\/linitiative.ca\/International\/wp-json\/wp\/v2\/comments?post=115610"}],"version-history":[{"count":0,"href":"https:\/\/linitiative.ca\/International\/wp-json\/wp\/v2\/posts\/115610\/revisions"}],"wp:attachment":[{"href":"https:\/\/linitiative.ca\/International\/wp-json\/wp\/v2\/media?parent=115610"}],"wp:term":[{"taxonomy":"category","embeddable":true,"href":"https:\/\/linitiative.ca\/International\/wp-json\/wp\/v2\/categories?post=115610"},{"taxonomy":"post_tag","embeddable":true,"href":"https:\/\/linitiative.ca\/International\/wp-json\/wp\/v2\/tags?post=115610"}],"curies":[{"name":"wp","href":"https:\/\/api.w.org\/{rel}","templated":true}]}}