{"id":115611,"date":"2021-04-25T14:00:53","date_gmt":"2021-04-25T18:00:53","guid":{"rendered":"https:\/\/linitiative.ca\/International\/laumone-et-les-hallucinantes-mises-en-scene\/"},"modified":"2021-04-25T14:00:53","modified_gmt":"2021-04-25T18:00:53","slug":"laumone-et-les-hallucinantes-mises-en-scene","status":"publish","type":"post","link":"https:\/\/linitiative.ca\/International\/laumone-et-les-hallucinantes-mises-en-scene\/","title":{"rendered":"L\u2019aum\u00f4ne et les hallucinantes mises en sc\u00e8ne"},"content":{"rendered":"<p class=\"has-text-color has-vivid-red-color c1\"><strong>Soci\u00e9t\u00e9 et Ramadan<\/strong><\/p>\n<p class=\"has-text-color c2\"><strong>La meilleure des aum\u00f4nes est celle faite pendant le mois de Ramadan, selon les rites religieux. L\u2019accomplir encore discr\u00e8tement, cet acte de charit\u00e9 a, \u00e0 la fois, un sens de purification et de solidarit\u00e9.<\/strong><\/p>\n<p>C\u2019est ce que recommandent \u00e9galement les traditions, de la tribu \u00e0 la ville, de la soci\u00e9t\u00e9 marocaine qui est toujours engag\u00e9e dans un \u00e9lan de solidarit\u00e9 patriotique. Ainsi, la tradition rejoint la religion pour souligner que cet acte de solidarit\u00e9 s\u2019\u00e9l\u00e8ve au rang de devoir, une obligation, \u00e0 r\u00e9f\u00e9rent religieux, et une pratique sociale profond\u00e9ment ancr\u00e9e dans la soci\u00e9t\u00e9.<\/p>\n<p>C\u2019est ce capital social que certaines pratiques sont en train de d\u00e9naturer, de d\u00e9valoriser et de d\u00e9truire aujourd\u2019hui. A des fins \u00e9lectorales ou \u00e0 d\u2019autres non encore avou\u00e9es, force est de constater que des actions de solidarit\u00e9 sont mises en sc\u00e8ne d\u2019une mani\u00e8re qui laisse \u00e0 d\u00e9sirer et non conforme \u00e0 la dignit\u00e9 humaine. Pire encore, les mises en sc\u00e8nes blessent profond\u00e9ment les pauvres b\u00e9n\u00e9ficiaires dans leur dignit\u00e9. Ces spectacles hallucinants sont diffus\u00e9s sur la Toile.<\/p>\n<p>Ainsi, des photos et des vid\u00e9os post\u00e9es sur les r\u00e9seaux sociaux montraient une main arrogante offrant un mis\u00e9rable yaourt \u00e0 une autre, en affichant clairement une sup\u00e9riorit\u00e9 artificielle, un d\u00e9nigrement et en un mot une injure. D\u2019autres bienfaiteurs\/malfaiteurs alignent des pauvres b\u00e9n\u00e9ficiaires dans des queues qui paraissaient interminables pour obtenir un mis\u00e9rable lot de produits alimentaires.<\/p>\n<p>La sc\u00e8ne est film\u00e9e et les projecteurs sont braqu\u00e9s sur chaque bouche dans la queue. Ce traitement inhumain est parfois m\u00e9diatis\u00e9 en mettant en exergue les \u00abbienfaiteurs\u00bb, tout en enfon\u00e7ant le clou dans les malheurs des pauvres b\u00e9n\u00e9ficiaires qui p\u00e2tissent d\u00e9j\u00e0 sous le poids de la souffrance et de la mis\u00e8re.<\/p>\n<p>Ce qui va \u00e0 l\u2019encontre des dispositions constitutionnelles, notamment l\u2019article 22 de la Loi fondamentale de 2011. Parfois, ces mises en sc\u00e8nes choquantes laissent entendre qu\u2019elles sont orchestr\u00e9es pour rappeler \u00e0 ces pauvres leur statut social et le rendre public. La rigueur du destin se conjugue ainsi \u00e0 l\u2019injustice de l\u2019homme. Et on parle de justice sociale.<\/p>\n<p class=\"c3\"><strong>Belkassem Amenzou<\/strong><\/p>\n<p>Auteur: M&rsquo;hammed rahal<br \/>\n<a href=\"http:\/\/albayane.press.ma\/laumone-et-les-hallucinantes-mises-en-scene.html\">Cliquez ici pour lire l&rsquo;article depuis sa source.<\/a><\/p>\n","protected":false},"excerpt":{"rendered":"<p>Soci\u00e9t\u00e9 et Ramadan La meilleure des aum\u00f4nes est celle faite pendant le mois de Ramadan, selon les rites religieux. L\u2019accomplir encore discr\u00e8tement, cet acte de charit\u00e9 a, \u00e0 la fois, un sens de purification et de solidarit\u00e9. C\u2019est ce que recommandent \u00e9galement les traditions, de la tribu \u00e0 la ville, de la soci\u00e9t\u00e9 marocaine qui [&hellip;]<\/p>\n","protected":false},"author":1760,"featured_media":0,"comment_status":"closed","ping_status":"closed","sticky":false,"template":"","format":"standard","meta":{"fifu_image_url":"","fifu_image_alt":"","footnotes":""},"categories":[73,54],"tags":[],"class_list":["post-115611","post","type-post","status-publish","format-standard","hentry","category-actualite","category-maroc"],"_links":{"self":[{"href":"https:\/\/linitiative.ca\/International\/wp-json\/wp\/v2\/posts\/115611","targetHints":{"allow":["GET"]}}],"collection":[{"href":"https:\/\/linitiative.ca\/International\/wp-json\/wp\/v2\/posts"}],"about":[{"href":"https:\/\/linitiative.ca\/International\/wp-json\/wp\/v2\/types\/post"}],"author":[{"embeddable":true,"href":"https:\/\/linitiative.ca\/International\/wp-json\/wp\/v2\/users\/1760"}],"replies":[{"embeddable":true,"href":"https:\/\/linitiative.ca\/International\/wp-json\/wp\/v2\/comments?post=115611"}],"version-history":[{"count":0,"href":"https:\/\/linitiative.ca\/International\/wp-json\/wp\/v2\/posts\/115611\/revisions"}],"wp:attachment":[{"href":"https:\/\/linitiative.ca\/International\/wp-json\/wp\/v2\/media?parent=115611"}],"wp:term":[{"taxonomy":"category","embeddable":true,"href":"https:\/\/linitiative.ca\/International\/wp-json\/wp\/v2\/categories?post=115611"},{"taxonomy":"post_tag","embeddable":true,"href":"https:\/\/linitiative.ca\/International\/wp-json\/wp\/v2\/tags?post=115611"}],"curies":[{"name":"wp","href":"https:\/\/api.w.org\/{rel}","templated":true}]}}