{"id":115612,"date":"2021-04-25T14:00:54","date_gmt":"2021-04-25T18:00:54","guid":{"rendered":"https:\/\/linitiative.ca\/International\/%ef%bb%bfla-vie-la-musique-et-le-gout-de-lart-et-du-beau\/"},"modified":"2021-04-25T14:00:54","modified_gmt":"2021-04-25T18:00:54","slug":"%ef%bb%bfla-vie-la-musique-et-le-gout-de-lart-et-du-beau","status":"publish","type":"post","link":"https:\/\/linitiative.ca\/International\/%ef%bb%bfla-vie-la-musique-et-le-gout-de-lart-et-du-beau\/","title":{"rendered":"\ufeffLa vie, la musique et le go\u00fbt de l\u2019art et du beau"},"content":{"rendered":"<p class=\"has-text-color has-vivid-red-color c1\"><strong>Entretien avec Brigitte Kai Obeid<\/strong><\/p>\n<p class=\"c2\"><strong>Par Noureddine Mhakkak<\/strong><\/p>\n<p class=\"has-text-color has-vivid-cyan-blue-color\"><strong>C\u2019\u00e9tait d\u2019abord un grand plaisir pour moi d\u2019\u00e9couter les chansons de Brigitte Kai Obeid. Une voix ang\u00e9lique et une interpr\u00e9tation tr\u00e8s signification, tr\u00e8s profonde et tr\u00e8s s\u00e9duisante. Ce qui me poussait \u00e0 penser de faire un entretien avec elle, pour que je puisse connaitre bien son monde artistique. Le r\u00e9sultat \u00e9tait meilleur, un entretien tr\u00e8s fort, le voil\u00e0. Bonne lecture.<\/strong><\/p>\n<div class=\"wp-block-image\">\n<figure class=\"alignright\"><img decoding=\"async\" src=\"http:\/\/albayane.press.ma\/wp-content\/uploads\/14-ouver.jpg\" alt=\"\" class=\"wp-image-110998\"\/><\/figure>\n<\/div>\n<p class=\"has-text-color has-vivid-red-color\"><strong>Qui est d\u2019abord Brigitte Kai Obeid?<\/strong><\/p>\n<p>-N\u00e9e en 1979, j\u2019ai pass\u00e9 ma vie au Liban, au sein d\u2019une famille qui a d\u00fb affronter les \u00e9preuves dures de la vie, surtout durant la p\u00e9riode de guerre et comme toutes les familles libanaises \u00e0 l\u2019\u00e9poque qui n\u2019ont pas quitt\u00e9 le Liban, nous avons eu des moments difficiles et la voie \u00e9tait sinueuse et p\u00e9nible. J\u2019ai perdu mon p\u00e8re alors que je n\u2019avais que 14 ans et le vide qui s\u2019est install\u00e9 au fond de mon \u00eatre a marqu\u00e9 mon adolescence. Le c\u0153ur lourd, j\u2019ai grandi ainsi avec l\u2019absence de cette force masculine, de cette ombre s\u00e9curisante que nul ne peut remplacer.<\/p>\n<p>Je suis titulaire d\u2019une maitrise en langue vivante et en traduction, traductrice asserment\u00e9e et professeure de fran\u00e7ais au coll\u00e8ge Saint Joseph d\u2019Antoura, prestigieux \u00e9tablissement francophone.<\/p>\n<p>D\u2019aussi loin que je me souvienne j\u2019ai aim\u00e9 chanter. Le th\u00e9\u00e2tre aussi m\u2019a ensorcel\u00e9. J\u2019ai grandi en \u00e9coutant en boucle les chansons de Fairuz, Charles Aznavour, Jacques Brel et Dalida. Maman insistait \u00e0 nous inculquer le go\u00fbt de l\u2019art et du beau. Ainsi nous ne rations ni pi\u00e8ces de th\u00e9\u00e2tre, ni concerts. Et je passais des apr\u00e8s-midis dans ma chambre \u00e0 chanter avec ou sans musique, \u00e0 danser et \u00e0 jouer de petites sayn\u00e8tes que j\u2019inventais. Je m\u2019imaginais sur la planche devant un public qui, \u00e9mu, m\u2019ovationnait. J\u2019ai fait partie de la troupe de l\u2019\u00e9cole puis d\u2019un atelier tenu par Georges Asmar, grand acteur libanais. J\u2019ai particip\u00e9 \u00e0 plusieurs soir\u00e9es po\u00e9tiques et concerts. Bien que je sois professeure et traductrice, l\u2019art me hante toujours et l\u2019envie de pouvoir enfin me d\u00e9cha\u00eener ne fait que grandir. C\u2019est gr\u00e2ce \u00e0 l\u2019essor des r\u00e9seaux sociaux, aux encouragements de mon mari et \u00e0 son soutien inconditionnel que je commence \u00e0 m\u2019exprimer et je reprends s\u00e9rieusement mes cours de chant afin de me perfectionner et d\u00e9couvrir l\u2019\u00e9tendue de ma tessiture.<\/p>\n<p class=\"has-text-color has-vivid-red-color\"><strong>Que repr\u00e9sentent les arts et les lettres pour vous ?<\/strong><\/p>\n<p>-L\u2019art et la litt\u00e9rature vont de pair. On ne peut \u00eatre sensible \u00e0 l\u2019une sans l\u2019\u00eatre \u00e0 l\u2019autre. Ecrire est un art en soi-m\u00eame qui demande beaucoup de sensibilit\u00e9 et de finesse. La litt\u00e9rature comme l\u2019art sont l\u2019essence de l\u2019imagination.<\/p>\n<p>\u00c0 travers l\u2019art et l\u2019\u00e9criture je me lib\u00e8re, je dis tout ce que je pense et ressens sans restriction, sans limite. Et comme le dit Maya Angelou\u00a0: \u00ab\u00a0Il n\u2019y a pas de plus grande agonie que de porter en soi une histoire non racont\u00e9e.\u00a0\u00bb Lib\u00e9ratrice est l\u2019expression sous toutes ses formes\u2026<\/p>\n<p class=\"has-text-color has-vivid-red-color\"><strong>Que repr\u00e9sentent l\u2019\u00e9criture et la lecture\u00a0\u00a0 pour vous?<\/strong><\/p>\n<p>\u2013 \u00c9vasion\/ Fuite\/ Retrouvaille.<\/p>\n<p>Ces trois mots r\u00e9sumeraient ma r\u00e9ponse \u00e0 cette question Je fuis le monde r\u00e9el, les visages et les voix et je construis mon propre univers en \u00e9crivant. Je visite d\u2019autres cieux en lisant. Je m\u2019\u00e9vade, je r\u00eave, je retrouve mon autre MOI, celui que personne ne connait, celui qui dort en moi et que je r\u00e9veille quand l\u2019envie me prend. C\u2019est mon refuge, quelque part entre ciel et terre\u2026<\/p>\n<p class=\"has-text-color has-vivid-red-color\"><strong>Parlez-nous des villes que vous avez visit\u00e9es et qui ont laiss\u00e9 une remarquable trace dans votre parcours artistique.<\/strong><\/p>\n<p>\u2013 Byblos, Tyr et Batroun sont des villes qui ont une \u00e2me. Il fait si bon errer dans leurs ruelles pour ressentir une pr\u00e9sence magique et tellement forte qu\u2019elle nous saoule. Je suis emport\u00e9e vers une autre dimension voire une autre \u00e8re et je me recueille pour mieux rencontrer cette \u00e2me invisible mais puissante. Soudain, le monde r\u00e9el n\u2019existe plus et tout autour de moi se met \u00e0 parler, \u00e0 raconter. J\u2019\u00e9coute les histoires de ce qui fut autrefois, je les imagine et je souris. Ce sentiment d\u2019appartenance \u00e0 ces endroits est incompr\u00e9hensible. C\u2019est un myst\u00e8re et une connexion spirituelle.<\/p>\n<p class=\"has-text-color has-vivid-red-color\"><strong>Que repr\u00e9sente la beaut\u00e9 pour vous ?<\/strong><\/p>\n<p>\u2013 La beaut\u00e9 n\u2019a pas de crit\u00e8res. Elle est relative. Elle n\u2019est surtout pas mat\u00e9rielle. C\u2019est un sourire timide, des regards qui en disent long, l\u2019odeur du caf\u00e9 le matin, une fleur que l\u2019on cueille en chemin, des doigts qui se cherchent, des l\u00e8vres qui se touchent, des rires d\u2019enfants\u2026 La beaut\u00e9 est un instant, un moment \u00e9ph\u00e9m\u00e8re dont le souvenir est \u00e9ternel. C\u2019est tout ce qui arrive et se dit spontan\u00e9ment. C\u2019est tout ce qui est vrai.<\/p>\n<p class=\"has-text-color has-vivid-red-color\"><strong>Parlez-nous des livres \/films que vous avez d\u00e9j\u00e0 lus\/vus et qui ont marqu\u00e9 vos pens\u00e9es.<\/strong><\/p>\n<p>\u2013 \u00abLe cercle des po\u00e8tes disparus\u00bb le tout premier film qui m\u2019a touch\u00e9e et que je regarde encore de temps en temps. J\u2019ai eu la chance effectivement d\u2019avoir eu dans ma vie un professeur qui a chang\u00e9 ma vision des choses, qui m\u2019a permis de voir la vie sous un autre angle, de m\u2019attacher \u00e0 mes passions. C\u2019est gr\u00e2ce \u00e0 lui que j\u2019ai os\u00e9 r\u00eaver, que j\u2019embrasse d\u00e9sormais mes moments avec ardeur et passion, que mes folies sont les seules choses que je ne regretterai jamais. Pour vivre, il faut \u00eatre vrai. C\u2019est aussi simple que \u00e7a. \u00abLa vita E bella\u00bb et \u00abMayrig\u00bb m\u2019ont \u00e9norm\u00e9ment marqu\u00e9e aussi. L\u2019injustice me r\u00e9volte. La souffrance, ce combat quotidien qui br\u00fble et consume, m\u2019abat surtout quand on est impuissant face aux situations. Les po\u00e8mes de Talal Haidar et Joseph Harb, m\u2019ont \u00e9norm\u00e9ment secou\u00e9e. Ils ont si bien d\u00e9crit l\u2019amour, la femme et le Liban. De vrais magiciens qui savent faire valser les mots au rythme de leur folie.<\/p>\n<p>Mais Nadia Tu\u00e9ni reste pour moi une ic\u00f4ne. Cette f\u00e9e au regard fragile qui transperce les c\u0153urs sensibles est comme nulle autre, une po\u00e9tesse aux \u00e9crits envo\u00fbtants et enivrants. D\u2019une subtilit\u00e9 et d\u2019une d\u00e9licatesse sans pareil, \u00ab20 po\u00e8mes pour un amour\u00bb est un recueil dans lequel elle d\u00e9clare son amour pour un Liban fantasmatique. C\u2019est mon livre de chevet et mon \u00e9vangile.<\/p>\n<p class=\"has-text-color has-vivid-red-color\"><strong>Parlez \u2013nous de vos projets Culturels \/Artistiques \u00e0 venir<\/strong><\/p>\n<p>\u2013 Depuis ce maudit 4 ao\u00fbt, tous les libanais ont l\u2019impression d\u2019avoir perdu une partie d\u2019eux-m\u00eames. Nous avons du mal \u00e0 nous en remettre. \u00c0 un certain moment, j\u2019ai senti que j\u2019ai tout perdu, que je ne serai plus jamais la m\u00eame. J\u2019ai arr\u00eat\u00e9 de r\u00eaver et quand nous arr\u00eatons de r\u00eaver, nous arr\u00eatons de vivre. Effectivement, le temps s\u2019est fig\u00e9 et c\u2019est petit \u00e0 petit que nous revenons \u00e0 la vie. L\u2019\u00eatre amput\u00e9 traine avec lui son membre fant\u00f4me et puis avec le temps apprend \u00e0 vivre avec en attendant que la sensation disparaisse. C\u2019est une p\u00e9riode noire pour mon pays et cette souffrance qui nous bouleverse et nous secoue m\u2019incite \u00e0 mettre noir sur blanc mes petits projets \u00e0 venir qui me pousseront \u00e0 prendre certaines d\u00e9cisions radicales dans ma vie.<\/p>\n<p>Rien ne dure \u00e9ternellement et l\u2019aube finira par poindre \u00e0 l\u2019horizon et nous l\u2019attendons plein d\u2019espoir.<\/p>\n<p>Auteur: M&rsquo;hammed rahal<br \/>\n<a href=\"http:\/\/albayane.press.ma\/%EF%BB%BFla-vie-la-musique-et-le-gout-de-lart-et-du-beau.html\">Cliquez ici pour lire l&rsquo;article depuis sa source.<\/a><\/p>\n","protected":false},"excerpt":{"rendered":"<p>Entretien avec Brigitte Kai Obeid Par Noureddine Mhakkak C\u2019\u00e9tait d\u2019abord un grand plaisir pour moi d\u2019\u00e9couter les chansons de Brigitte Kai Obeid. Une voix ang\u00e9lique et une interpr\u00e9tation tr\u00e8s signification, tr\u00e8s profonde et tr\u00e8s s\u00e9duisante. Ce qui me poussait \u00e0 penser de faire un entretien avec elle, pour que je puisse connaitre bien son monde [&hellip;]<\/p>\n","protected":false},"author":1760,"featured_media":0,"comment_status":"closed","ping_status":"closed","sticky":false,"template":"","format":"standard","meta":{"fifu_image_url":"http:\/\/albayane.press.ma\/wp-content\/uploads\/14-ouver.jpg","fifu_image_alt":"\ufeffLa vie, la musique et le go\u00fbt de l\u2019art et du beau","footnotes":""},"categories":[73,54],"tags":[],"class_list":["post-115612","post","type-post","status-publish","format-standard","hentry","category-actualite","category-maroc"],"_links":{"self":[{"href":"https:\/\/linitiative.ca\/International\/wp-json\/wp\/v2\/posts\/115612","targetHints":{"allow":["GET"]}}],"collection":[{"href":"https:\/\/linitiative.ca\/International\/wp-json\/wp\/v2\/posts"}],"about":[{"href":"https:\/\/linitiative.ca\/International\/wp-json\/wp\/v2\/types\/post"}],"author":[{"embeddable":true,"href":"https:\/\/linitiative.ca\/International\/wp-json\/wp\/v2\/users\/1760"}],"replies":[{"embeddable":true,"href":"https:\/\/linitiative.ca\/International\/wp-json\/wp\/v2\/comments?post=115612"}],"version-history":[{"count":0,"href":"https:\/\/linitiative.ca\/International\/wp-json\/wp\/v2\/posts\/115612\/revisions"}],"wp:attachment":[{"href":"https:\/\/linitiative.ca\/International\/wp-json\/wp\/v2\/media?parent=115612"}],"wp:term":[{"taxonomy":"category","embeddable":true,"href":"https:\/\/linitiative.ca\/International\/wp-json\/wp\/v2\/categories?post=115612"},{"taxonomy":"post_tag","embeddable":true,"href":"https:\/\/linitiative.ca\/International\/wp-json\/wp\/v2\/tags?post=115612"}],"curies":[{"name":"wp","href":"https:\/\/api.w.org\/{rel}","templated":true}]}}