{"id":115617,"date":"2021-04-26T05:30:00","date_gmt":"2021-04-26T09:30:00","guid":{"rendered":"https:\/\/linitiative.ca\/International\/lapport-de-brahim-brahimi-dans-la-lutte-pour-la-liberte-de-la-presse\/"},"modified":"2021-04-26T05:30:00","modified_gmt":"2021-04-26T09:30:00","slug":"lapport-de-brahim-brahimi-dans-la-lutte-pour-la-liberte-de-la-presse","status":"publish","type":"post","link":"https:\/\/linitiative.ca\/International\/lapport-de-brahim-brahimi-dans-la-lutte-pour-la-liberte-de-la-presse\/","title":{"rendered":"L\u2019apport de Brahim Brahimi dans la lutte pour la libert\u00e9 de la presse"},"content":{"rendered":"<div id=\"originalText\" readability=\"55\">\n<p>La\u00a0 Facult\u00e9\u00a0 des\u00a0 sciences\u00a0 de\u00a0 l\u2019information\u00a0 et\u00a0 de\u00a0 la\u00a0 communication,\u00a0 en collaboration avec le Labo Usages et R\u00e9ceptions en Alg\u00e9rie, organise le 2 mai prochain une journ\u00e9e d\u2019\u00e9tude sur \u201cLes contributions du d\u00e9funt professeur Brahim Brahimi dans le domaine de la libert\u00e9 de la presse\u201d.<\/p>\n<p>Cet \u00e9v\u00e9nement, qui intervient la veille de la Journ\u00e9e mondiale de la libert\u00e9 de la presse, se veut un hommage au professeur Brahim Brahimi, d\u00e9c\u00e9d\u00e9 au mois de septembre 2018.<\/p>\n<p>Outre des conf\u00e9rences qui seront anim\u00e9es par des enseignants et chercheurs universitaires, cette journ\u00e9e verra la participation de plusieurs journalistes des divers supports m\u00e9diatiques pour aborder, notamment, la probl\u00e9matique de la libert\u00e9 de la presse en Alg\u00e9rie, \u00e0 la lumi\u00e8re des derniers d\u00e9veloppements qu\u2019a connus le pays sur le double plan politique et l\u00e9gislatif.<\/p>\n<p>\u00c0 noter que cet \u00e9v\u00e9nement se d\u00e9roulera \u00e0 l\u2019amphith\u00e9\u00e2tre Zahir-Ihedaden de la Facult\u00e9 des sciences de l\u2019information et de la communication.<\/p>\n<\/div>\n<div id=\"text_core\" readability=\"55\">\n<p>La\u00a0 Facult\u00e9\u00a0 des\u00a0 sciences\u00a0 de\u00a0 l\u2019information\u00a0 et\u00a0 de\u00a0 la\u00a0 communication,\u00a0 en collaboration avec le Labo Usages et R\u00e9ceptions en Alg\u00e9rie, organise le 2 mai prochain une journ\u00e9e d\u2019\u00e9tude sur \u201cLes contributions du d\u00e9funt professeur Brahim Brahimi dans le domaine de la libert\u00e9 de la presse\u201d.<\/p>\n<p>Cet \u00e9v\u00e9nement, qui intervient la veille de la Journ\u00e9e mondiale de la libert\u00e9 de la presse, se veut un hommage au professeur Brahim Brahimi, d\u00e9c\u00e9d\u00e9 au mois de septembre 2018.<\/p>\n<p>Outre des conf\u00e9rences qui seront anim\u00e9es par des enseignants et chercheurs universitaires, cette journ\u00e9e verra la participation de plusieurs journalistes des divers supports m\u00e9diatiques pour aborder, notamment, la probl\u00e9matique de la libert\u00e9 de la presse en Alg\u00e9rie, \u00e0 la lumi\u00e8re des derniers d\u00e9veloppements qu\u2019a connus le pays sur le double plan politique et l\u00e9gislatif.<\/p>\n<p>\u00c0 noter que cet \u00e9v\u00e9nement se d\u00e9roulera \u00e0 l\u2019amphith\u00e9\u00e2tre Zahir-Ihedaden de la Facult\u00e9 des sciences de l\u2019information et de la communication.<\/p>\n<\/div>\n<p>Auteur:<br \/>\n<a href=\"https:\/\/www.liberte-algerie.com\/radar\/lapport-de-brahim-brahimi-dans-la-lutte-pour-la-liberte-de-la-presse-357793\">Cliquez ici pour lire l&rsquo;article depuis sa source.<\/a><\/p>\n","protected":false},"excerpt":{"rendered":"<p>La\u00a0 Facult\u00e9\u00a0 des\u00a0 sciences\u00a0 de\u00a0 l\u2019information\u00a0 et\u00a0 de\u00a0 la\u00a0 communication,\u00a0 en collaboration avec le Labo Usages et R\u00e9ceptions en Alg\u00e9rie, organise le 2 mai prochain une journ\u00e9e d\u2019\u00e9tude sur \u201cLes contributions du d\u00e9funt professeur Brahim Brahimi dans le domaine de la libert\u00e9 de la presse\u201d. Cet \u00e9v\u00e9nement, qui intervient la veille de la Journ\u00e9e mondiale [&hellip;]<\/p>\n","protected":false},"author":1742,"featured_media":0,"comment_status":"closed","ping_status":"closed","sticky":false,"template":"","format":"standard","meta":{"fifu_image_url":"","fifu_image_alt":"","footnotes":""},"categories":[73,53],"tags":[],"class_list":["post-115617","post","type-post","status-publish","format-standard","hentry","category-actualite","category-algerie"],"_links":{"self":[{"href":"https:\/\/linitiative.ca\/International\/wp-json\/wp\/v2\/posts\/115617","targetHints":{"allow":["GET"]}}],"collection":[{"href":"https:\/\/linitiative.ca\/International\/wp-json\/wp\/v2\/posts"}],"about":[{"href":"https:\/\/linitiative.ca\/International\/wp-json\/wp\/v2\/types\/post"}],"author":[{"embeddable":true,"href":"https:\/\/linitiative.ca\/International\/wp-json\/wp\/v2\/users\/1742"}],"replies":[{"embeddable":true,"href":"https:\/\/linitiative.ca\/International\/wp-json\/wp\/v2\/comments?post=115617"}],"version-history":[{"count":0,"href":"https:\/\/linitiative.ca\/International\/wp-json\/wp\/v2\/posts\/115617\/revisions"}],"wp:attachment":[{"href":"https:\/\/linitiative.ca\/International\/wp-json\/wp\/v2\/media?parent=115617"}],"wp:term":[{"taxonomy":"category","embeddable":true,"href":"https:\/\/linitiative.ca\/International\/wp-json\/wp\/v2\/categories?post=115617"},{"taxonomy":"post_tag","embeddable":true,"href":"https:\/\/linitiative.ca\/International\/wp-json\/wp\/v2\/tags?post=115617"}],"curies":[{"name":"wp","href":"https:\/\/api.w.org\/{rel}","templated":true}]}}