{"id":115619,"date":"2021-04-26T05:30:00","date_gmt":"2021-04-26T09:30:00","guid":{"rendered":"https:\/\/linitiative.ca\/International\/renault-algerie-se-demarque-et-dement-la-rumeur\/"},"modified":"2021-04-26T05:30:00","modified_gmt":"2021-04-26T09:30:00","slug":"renault-algerie-se-demarque-et-dement-la-rumeur","status":"publish","type":"post","link":"https:\/\/linitiative.ca\/International\/renault-algerie-se-demarque-et-dement-la-rumeur\/","title":{"rendered":"Renault Alg\u00e9rie se d\u00e9marque et d\u00e9ment la rumeur"},"content":{"rendered":"<div id=\"originalText\" readability=\"51\">\n<p>Renault Alg\u00e9rie s\u2019est d\u00e9marqu\u00e9e, hier, de la rumeur faisant \u00e9tat de la vente de voitures neuves et des tarifs publi\u00e9s sur les r\u00e9seaux sociaux, notamment sur Facebook.<\/p>\n<p>Contact\u00e9e par nos soins, une source proche de la marque au losange a indiqu\u00e9 que les informations publi\u00e9es sur les r\u00e9seaux sociaux depuis samedi soir ne tiennent pas la route, d\u2019autant que, souligne notre interlocuteur, \u201cRenault Alg\u00e9rie n\u2019a jamais publi\u00e9 de nouveaux tarifs\u201d et que les publications partag\u00e9es ne sont que de \u201cfausses informations\u201d et des \u201crumeurs\u201d.<\/p>\n<p>Pis encore, affirme la m\u00eame source, le lien partag\u00e9 sur Facebook sur les tarifs de la Renault Symbol et qui renvoie syst\u00e9matiquement au site internet de Renault Alg\u00e9rie \u201cn\u2019est pas un lien d\u2019inscription pour passer une quelconque commande\u201d.<\/p>\n<\/div>\n<div id=\"text_core\" readability=\"51\">\n<p>Renault Alg\u00e9rie s\u2019est d\u00e9marqu\u00e9e, hier, de la rumeur faisant \u00e9tat de la vente de voitures neuves et des tarifs publi\u00e9s sur les r\u00e9seaux sociaux, notamment sur Facebook.<\/p>\n<p>Contact\u00e9e par nos soins, une source proche de la marque au losange a indiqu\u00e9 que les informations publi\u00e9es sur les r\u00e9seaux sociaux depuis samedi soir ne tiennent pas la route, d\u2019autant que, souligne notre interlocuteur, \u201cRenault Alg\u00e9rie n\u2019a jamais publi\u00e9 de nouveaux tarifs\u201d et que les publications partag\u00e9es ne sont que de \u201cfausses informations\u201d et des \u201crumeurs\u201d.<\/p>\n<p>Pis encore, affirme la m\u00eame source, le lien partag\u00e9 sur Facebook sur les tarifs de la Renault Symbol et qui renvoie syst\u00e9matiquement au site internet de Renault Alg\u00e9rie \u201cn\u2019est pas un lien d\u2019inscription pour passer une quelconque commande\u201d.<\/p>\n<\/div>\n<p>Auteur:<br \/>\n<a href=\"https:\/\/www.liberte-algerie.com\/radar\/renault-algerie-se-demarque-et-dement-la-rumeur-357791\">Cliquez ici pour lire l&rsquo;article depuis sa source.<\/a><\/p>\n","protected":false},"excerpt":{"rendered":"<p>Renault Alg\u00e9rie s\u2019est d\u00e9marqu\u00e9e, hier, de la rumeur faisant \u00e9tat de la vente de voitures neuves et des tarifs publi\u00e9s sur les r\u00e9seaux sociaux, notamment sur Facebook. Contact\u00e9e par nos soins, une source proche de la marque au losange a indiqu\u00e9 que les informations publi\u00e9es sur les r\u00e9seaux sociaux depuis samedi soir ne tiennent pas [&hellip;]<\/p>\n","protected":false},"author":1742,"featured_media":0,"comment_status":"closed","ping_status":"closed","sticky":false,"template":"","format":"standard","meta":{"fifu_image_url":"","fifu_image_alt":"","footnotes":""},"categories":[73,53],"tags":[],"class_list":["post-115619","post","type-post","status-publish","format-standard","hentry","category-actualite","category-algerie"],"_links":{"self":[{"href":"https:\/\/linitiative.ca\/International\/wp-json\/wp\/v2\/posts\/115619","targetHints":{"allow":["GET"]}}],"collection":[{"href":"https:\/\/linitiative.ca\/International\/wp-json\/wp\/v2\/posts"}],"about":[{"href":"https:\/\/linitiative.ca\/International\/wp-json\/wp\/v2\/types\/post"}],"author":[{"embeddable":true,"href":"https:\/\/linitiative.ca\/International\/wp-json\/wp\/v2\/users\/1742"}],"replies":[{"embeddable":true,"href":"https:\/\/linitiative.ca\/International\/wp-json\/wp\/v2\/comments?post=115619"}],"version-history":[{"count":0,"href":"https:\/\/linitiative.ca\/International\/wp-json\/wp\/v2\/posts\/115619\/revisions"}],"wp:attachment":[{"href":"https:\/\/linitiative.ca\/International\/wp-json\/wp\/v2\/media?parent=115619"}],"wp:term":[{"taxonomy":"category","embeddable":true,"href":"https:\/\/linitiative.ca\/International\/wp-json\/wp\/v2\/categories?post=115619"},{"taxonomy":"post_tag","embeddable":true,"href":"https:\/\/linitiative.ca\/International\/wp-json\/wp\/v2\/tags?post=115619"}],"curies":[{"name":"wp","href":"https:\/\/api.w.org\/{rel}","templated":true}]}}