{"id":115620,"date":"2021-04-26T05:30:00","date_gmt":"2021-04-26T09:30:00","guid":{"rendered":"https:\/\/linitiative.ca\/International\/des-elus-denoncent-la-wilaya-et-lapw\/"},"modified":"2021-04-26T05:30:00","modified_gmt":"2021-04-26T09:30:00","slug":"des-elus-denoncent-la-wilaya-et-lapw","status":"publish","type":"post","link":"https:\/\/linitiative.ca\/International\/des-elus-denoncent-la-wilaya-et-lapw\/","title":{"rendered":"Des \u00e9lus d\u00e9noncent la wilaya et l\u2019APW"},"content":{"rendered":"<div id=\"originalText\" readability=\"43\">\n<p>La\u00a0 wilaya\u00a0 et\u00a0 l\u2019APW\u00a0 de\u00a0 Boumerd\u00e8s\u00a0 viennent\u00a0 d\u2019innover\u00a0 en\u00a0 mati\u00e8re\u00a0 de transgression des lois de la R\u00e9publique. Ces deux institutions se sont mises d\u2019accord pour approuver un dossier d\u2019urbanisme sans dossier de fond.<\/p>\n<p>Parmi les pi\u00e8ces manquantes, le principal document qui est la d\u00e9lib\u00e9ration de l\u2019une des trois\u00a0APC\u00a0 concern\u00e9es.\u00a0 Des\u00a0 \u00e9lus\u00a0 comptent\u00a0 saisir\u00a0 le\u00a0 minist\u00e8re de l\u2019Int\u00e9rieur pour faire annuler cette proc\u00e9dure jug\u00e9e pr\u00e9cipit\u00e9e et ill\u00e9gale.<\/p>\n<p>D\u2019autres\u00a0 membres\u00a0 de\u00a0 l\u2019APW\u00a0 \u00a0se\u00a0 sont\u00a0 interrog\u00e9s\u00a0 sur\u00a0 certaines\u00a0 dispositions introduites dans ce PDAU qui risquent de porter atteinte au cachet historique et architectural de la ville de Boumerd\u00e8s.<\/p>\n<\/div>\n<div id=\"text_core\" readability=\"43\">\n<p>La\u00a0 wilaya\u00a0 et\u00a0 l\u2019APW\u00a0 de\u00a0 Boumerd\u00e8s\u00a0 viennent\u00a0 d\u2019innover\u00a0 en\u00a0 mati\u00e8re\u00a0 de transgression des lois de la R\u00e9publique. Ces deux institutions se sont mises d\u2019accord pour approuver un dossier d\u2019urbanisme sans dossier de fond.<\/p>\n<p>Parmi les pi\u00e8ces manquantes, le principal document qui est la d\u00e9lib\u00e9ration de l\u2019une des trois\u00a0APC\u00a0 concern\u00e9es.\u00a0 Des\u00a0 \u00e9lus\u00a0 comptent\u00a0 saisir\u00a0 le\u00a0 minist\u00e8re de l\u2019Int\u00e9rieur pour faire annuler cette proc\u00e9dure jug\u00e9e pr\u00e9cipit\u00e9e et ill\u00e9gale.<\/p>\n<p>D\u2019autres\u00a0 membres\u00a0 de\u00a0 l\u2019APW\u00a0 \u00a0se\u00a0 sont\u00a0 interrog\u00e9s\u00a0 sur\u00a0 certaines\u00a0 dispositions introduites dans ce PDAU qui risquent de porter atteinte au cachet historique et architectural de la ville de Boumerd\u00e8s.<\/p>\n<\/div>\n<p>Auteur:<br \/>\n<a href=\"https:\/\/www.liberte-algerie.com\/radar\/des-elus-denoncent-la-wilaya-et-lapw-357790\">Cliquez ici pour lire l&rsquo;article depuis sa source.<\/a><\/p>\n","protected":false},"excerpt":{"rendered":"<p>La\u00a0 wilaya\u00a0 et\u00a0 l\u2019APW\u00a0 de\u00a0 Boumerd\u00e8s\u00a0 viennent\u00a0 d\u2019innover\u00a0 en\u00a0 mati\u00e8re\u00a0 de transgression des lois de la R\u00e9publique. Ces deux institutions se sont mises d\u2019accord pour approuver un dossier d\u2019urbanisme sans dossier de fond. Parmi les pi\u00e8ces manquantes, le principal document qui est la d\u00e9lib\u00e9ration de l\u2019une des trois\u00a0APC\u00a0 concern\u00e9es.\u00a0 Des\u00a0 \u00e9lus\u00a0 comptent\u00a0 saisir\u00a0 le\u00a0 minist\u00e8re [&hellip;]<\/p>\n","protected":false},"author":1742,"featured_media":0,"comment_status":"closed","ping_status":"closed","sticky":false,"template":"","format":"standard","meta":{"fifu_image_url":"","fifu_image_alt":"","footnotes":""},"categories":[73,53],"tags":[],"class_list":["post-115620","post","type-post","status-publish","format-standard","hentry","category-actualite","category-algerie"],"_links":{"self":[{"href":"https:\/\/linitiative.ca\/International\/wp-json\/wp\/v2\/posts\/115620","targetHints":{"allow":["GET"]}}],"collection":[{"href":"https:\/\/linitiative.ca\/International\/wp-json\/wp\/v2\/posts"}],"about":[{"href":"https:\/\/linitiative.ca\/International\/wp-json\/wp\/v2\/types\/post"}],"author":[{"embeddable":true,"href":"https:\/\/linitiative.ca\/International\/wp-json\/wp\/v2\/users\/1742"}],"replies":[{"embeddable":true,"href":"https:\/\/linitiative.ca\/International\/wp-json\/wp\/v2\/comments?post=115620"}],"version-history":[{"count":0,"href":"https:\/\/linitiative.ca\/International\/wp-json\/wp\/v2\/posts\/115620\/revisions"}],"wp:attachment":[{"href":"https:\/\/linitiative.ca\/International\/wp-json\/wp\/v2\/media?parent=115620"}],"wp:term":[{"taxonomy":"category","embeddable":true,"href":"https:\/\/linitiative.ca\/International\/wp-json\/wp\/v2\/categories?post=115620"},{"taxonomy":"post_tag","embeddable":true,"href":"https:\/\/linitiative.ca\/International\/wp-json\/wp\/v2\/tags?post=115620"}],"curies":[{"name":"wp","href":"https:\/\/api.w.org\/{rel}","templated":true}]}}