{"id":115625,"date":"2021-04-26T11:34:45","date_gmt":"2021-04-26T15:34:45","guid":{"rendered":"https:\/\/linitiative.ca\/International\/une-centaine-de-migrants-rejoignent-sebta-a-la-nage\/"},"modified":"2021-04-26T11:34:45","modified_gmt":"2021-04-26T15:34:45","slug":"une-centaine-de-migrants-rejoignent-sebta-a-la-nage","status":"publish","type":"post","link":"https:\/\/linitiative.ca\/International\/une-centaine-de-migrants-rejoignent-sebta-a-la-nage\/","title":{"rendered":"Une centaine de migrants rejoignent Sebta \u00e0 la nage"},"content":{"rendered":"<p class=\"rtejustify\">Une centaine de migrants sont partis \u00e0 la nage dimanche du nord pour rejoindre Sebta, a indiqu\u00e9 la garde civile espagnole lundi. Partis des plages\u00a0proches de Fnideq,\u00a0\u00e0 quelques kilom\u00e8tres au sud de Sebta, \u00ab\u00a0certains sont arriv\u00e9s jusqu&rsquo;\u00e0 la plage (de Sebta) par leurs propres moyens\u00a0\u00bb, a d\u00e9taill\u00e9 un porte-parole de la garde civile de Ceuta \u00e0 l&rsquo;AFP, tandis que la majorit\u00e9 a d\u00fb \u00eatre secourue et monter \u00ab\u00a0dans nos embarcations\u00a0\u00bb pour rejoindre l&rsquo;enclave espagnole.<\/p>\n<p class=\"rtejustify\">Plusieurs vid\u00e9os montrant des migrants marocains, dont certains tr\u00e8s jeunes, ont circul\u00e9 sur cet assaut. Aucun mort ni bless\u00e9 n&rsquo;a \u00e9t\u00e9 recens\u00e9 c\u00f4t\u00e9 espagnol parmi cette \u00ab\u00a0centaine\u00a0\u00bb de migrants. Trois personnes ont en revanche \u00e9t\u00e9 hospitalis\u00e9es pour hypothermie.<\/p>\n<p>Auteur: hgueye<br \/>\n<a href=\"https:\/\/www.leconomiste.com\/flash-infos\/une-centaine-de-migrants-rejoignent-sebta-la-nage\">Cliquez ici pour lire l&rsquo;article depuis sa source.<\/a><\/p>\n","protected":false},"excerpt":{"rendered":"<p>Une centaine de migrants sont partis \u00e0 la nage dimanche du nord pour rejoindre Sebta, a indiqu\u00e9 la garde civile espagnole lundi. Partis des plages\u00a0proches de Fnideq,\u00a0\u00e0 quelques kilom\u00e8tres au sud de Sebta, \u00ab\u00a0certains sont arriv\u00e9s jusqu&rsquo;\u00e0 la plage (de Sebta) par leurs propres moyens\u00a0\u00bb, a d\u00e9taill\u00e9 un porte-parole de la garde civile de Ceuta [&hellip;]<\/p>\n","protected":false},"author":1763,"featured_media":0,"comment_status":"closed","ping_status":"closed","sticky":false,"template":"","format":"standard","meta":{"fifu_image_url":"","fifu_image_alt":"","footnotes":""},"categories":[78,54],"tags":[],"class_list":["post-115625","post","type-post","status-publish","format-standard","hentry","category-economie","category-maroc"],"_links":{"self":[{"href":"https:\/\/linitiative.ca\/International\/wp-json\/wp\/v2\/posts\/115625","targetHints":{"allow":["GET"]}}],"collection":[{"href":"https:\/\/linitiative.ca\/International\/wp-json\/wp\/v2\/posts"}],"about":[{"href":"https:\/\/linitiative.ca\/International\/wp-json\/wp\/v2\/types\/post"}],"author":[{"embeddable":true,"href":"https:\/\/linitiative.ca\/International\/wp-json\/wp\/v2\/users\/1763"}],"replies":[{"embeddable":true,"href":"https:\/\/linitiative.ca\/International\/wp-json\/wp\/v2\/comments?post=115625"}],"version-history":[{"count":0,"href":"https:\/\/linitiative.ca\/International\/wp-json\/wp\/v2\/posts\/115625\/revisions"}],"wp:attachment":[{"href":"https:\/\/linitiative.ca\/International\/wp-json\/wp\/v2\/media?parent=115625"}],"wp:term":[{"taxonomy":"category","embeddable":true,"href":"https:\/\/linitiative.ca\/International\/wp-json\/wp\/v2\/categories?post=115625"},{"taxonomy":"post_tag","embeddable":true,"href":"https:\/\/linitiative.ca\/International\/wp-json\/wp\/v2\/tags?post=115625"}],"curies":[{"name":"wp","href":"https:\/\/api.w.org\/{rel}","templated":true}]}}