{"id":115627,"date":"2021-04-26T15:14:17","date_gmt":"2021-04-26T19:14:17","guid":{"rendered":"https:\/\/linitiative.ca\/International\/international-une-bataille-entre-le-real-madird-et-manchester-city-pour-soffrir-mbappe\/"},"modified":"2021-04-26T15:14:17","modified_gmt":"2021-04-26T19:14:17","slug":"international-une-bataille-entre-le-real-madird-et-manchester-city-pour-soffrir-mbappe","status":"publish","type":"post","link":"https:\/\/linitiative.ca\/International\/international-une-bataille-entre-le-real-madird-et-manchester-city-pour-soffrir-mbappe\/","title":{"rendered":"International : Une bataille entre le Real Madird et Manchester City pour s&rsquo;offrir Mbapp\u00e9"},"content":{"rendered":"<div readability=\"32\">\n<p>Auteur : <span class=\"time\">lundi 26 avril 2021 13:24<\/span><\/p>\n<\/div>\n<div id=\"post_core\" readability=\"54\">\n<p>Les dirigeants du PSG cherchent bien \u00e9videmment \u00e0 prolonger le contrat de Kylian Mbapp\u00e9, lequel expire en juin 2022. Mais au contraire de Neymar, l\u2019ex-buteur de l\u2019AS Monaco n\u2019est pas facile \u00e0 convaincre comme le souligne Foot01. Il souhaite avoir toutes les garanties sportives n\u00e9cessaires sur le plan sportif avant de se r\u00e9engager et dans l\u2019id\u00e9al, Kylian Mbapp\u00e9 aimerait prolonger de seulement un ou deux ans, ce que refuse pour l\u2019instant Leonardo et Nasser Al-Khela\u00effi. Au rayon des clubs int\u00e9ress\u00e9s, le Real Madrid est bien \u00e9videmment en t\u00eate d\u2019affiche. Mais selon l\u2019AFP, le Paris SG doit \u00e9galement se m\u00e9fier de la menace de Manchester City, qui va perdre son buteur historique Sergio Ag\u00fcero \u00e0 la fin de la saison.<\/p>\n<p>\u00ab\u00a0Le joueur qui parle plan de carri\u00e8re depuis son adolescence se voit bien un jour d\u00e9fendre le blason d\u2019une grande institution europ\u00e9enne. Et quelques-unes esp\u00e8rent que ce virage dans son parcours se dessinera d\u00e8s cet \u00e9t\u00e9. De toute fa\u00e7on, tr\u00e8s peu de clubs peuvent se l\u2019offrir. En plus du Real, Liverpool ou Manchester City figurent dans ce cercle tr\u00e8s \u00e9troit. Les Sky Blues terminent l\u2019\u00e8re \u00ab\u00a0Kun\u00a0\u00bb Ag\u00fcero, qui s\u2019en va apr\u00e8s dix ans, et pourraient r\u00eaver de lancer une nouvelle \u00e9poque autour de Mbapp\u00e9\u00a0\u00bb \u00e9crit l\u2019Agence France Presse, pour qui une offensive totalement inattendue de Pep Guardiola pour attirer Kylian Mbapp\u00e9 \u00e0 Manchester City n\u2019est pas \u00e0 exclure.<\/p>\n<p><strong>Publi\u00e9 dans :<\/strong> <span>real madrid<\/span><\/p>\n<\/div>\n<p>Auteur:<br \/>\n<a href=\"http:\/\/www.lebuteur.com\/article\/detail?titre=une-bataille-entre-le-real-madird-et-manchester-city-pour-soffrir-mbappe&#038;id=99843&#038;utm_source=feedburner&#038;utm_medium=feed&#038;utm_campaign=Feed%3A+GalerieFArtciles+%28Les+derniers+articles++-+lebuteur.com%29\">Cliquez ici pour lire l&rsquo;article depuis sa source.<\/a><\/p>\n","protected":false},"excerpt":{"rendered":"<p>Auteur : lundi 26 avril 2021 13:24 Les dirigeants du PSG cherchent bien \u00e9videmment \u00e0 prolonger le contrat de Kylian Mbapp\u00e9, lequel expire en juin 2022. Mais au contraire de Neymar, l\u2019ex-buteur de l\u2019AS Monaco n\u2019est pas facile \u00e0 convaincre comme le souligne Foot01. Il souhaite avoir toutes les garanties sportives n\u00e9cessaires sur le plan [&hellip;]<\/p>\n","protected":false},"author":1738,"featured_media":0,"comment_status":"closed","ping_status":"closed","sticky":false,"template":"","format":"standard","meta":{"fifu_image_url":"\/\/cdn.lebuteur.com\/data\/images\/article\/thumbs\/large-une-bataille-entre-le-real-madird-et-manchester-city-pour-soffrir-mbappe-edd5b.jpg","fifu_image_alt":"International : Une bataille entre le Real Madird et Manchester City pour s'offrir Mbapp\u00e9","footnotes":""},"categories":[53,75],"tags":[],"class_list":["post-115627","post","type-post","status-publish","format-standard","hentry","category-algerie","category-sport"],"_links":{"self":[{"href":"https:\/\/linitiative.ca\/International\/wp-json\/wp\/v2\/posts\/115627","targetHints":{"allow":["GET"]}}],"collection":[{"href":"https:\/\/linitiative.ca\/International\/wp-json\/wp\/v2\/posts"}],"about":[{"href":"https:\/\/linitiative.ca\/International\/wp-json\/wp\/v2\/types\/post"}],"author":[{"embeddable":true,"href":"https:\/\/linitiative.ca\/International\/wp-json\/wp\/v2\/users\/1738"}],"replies":[{"embeddable":true,"href":"https:\/\/linitiative.ca\/International\/wp-json\/wp\/v2\/comments?post=115627"}],"version-history":[{"count":0,"href":"https:\/\/linitiative.ca\/International\/wp-json\/wp\/v2\/posts\/115627\/revisions"}],"wp:attachment":[{"href":"https:\/\/linitiative.ca\/International\/wp-json\/wp\/v2\/media?parent=115627"}],"wp:term":[{"taxonomy":"category","embeddable":true,"href":"https:\/\/linitiative.ca\/International\/wp-json\/wp\/v2\/categories?post=115627"},{"taxonomy":"post_tag","embeddable":true,"href":"https:\/\/linitiative.ca\/International\/wp-json\/wp\/v2\/tags?post=115627"}],"curies":[{"name":"wp","href":"https:\/\/api.w.org\/{rel}","templated":true}]}}