{"id":115628,"date":"2021-04-26T15:14:20","date_gmt":"2021-04-26T19:14:20","guid":{"rendered":"https:\/\/linitiative.ca\/International\/pros-montpellier-nice-un-echange-tendu-entre-delort-et-larbitre-tu-crois-que-tes-mon-pere-ou-quoi\/"},"modified":"2021-04-26T15:14:20","modified_gmt":"2021-04-26T19:14:20","slug":"pros-montpellier-nice-un-echange-tendu-entre-delort-et-larbitre-tu-crois-que-tes-mon-pere-ou-quoi","status":"publish","type":"post","link":"https:\/\/linitiative.ca\/International\/pros-montpellier-nice-un-echange-tendu-entre-delort-et-larbitre-tu-crois-que-tes-mon-pere-ou-quoi\/","title":{"rendered":"Pros : Montpellier-Nice : Un \u00e9change tendu entre Delort et l&rsquo;arbitre : \u00ab\u00a0tu crois que t&rsquo;es mon p\u00e8re ou quoi ?\u00a0\u00bb"},"content":{"rendered":"<div readability=\"32\">\n<p>Auteur : <span class=\"time\">lundi 26 avril 2021 13:33<\/span><\/p>\n<\/div>\n<div id=\"post_core\" readability=\"52\">\n<p>Se plaignant d\u2019une main non siffl\u00e9e \u00e0 l\u2019encontre du d\u00e9fenseur central azur\u00e9en Jean-Clair Todibo, l\u2019international alg\u00e9rien a apostroph\u00e9 l\u2019officiel en seconde p\u00e9riode :<\/p>\n<p>\u00ab\u00a0Il y a main. Il y a main pour nous l\u00e0. Eh, siffle la main\u00a0\u00bb, a d\u2019abord lanc\u00e9 l\u2019H\u00e9raultais dans un \u00e9change film\u00e9 par Canal +. Alors que le buteur ne laissait pas l\u2019arbitre en placer une, celui-ci a fini par adopter un ton plus ferme en lui signifiant \u00ab\u00a0je parle !\u00a0\u00bb. De quoi faire sortir de ses gonds Delort, qui a l\u00e2ch\u00e9 : \u00ab\u00a0Non mais \u00e7a va, tu crois que t&rsquo;es mon p\u00e8re ou quoi ?\u00a0\u00bb<\/p>\n<p>Des propos auxquels M. Dechepy n\u2019a pas r\u00e9agi, pr\u00e9f\u00e9rant faire preuve de p\u00e9dagogie. \u00ab\u00a0Venez me voir. Oui, il la touche de la main, mais c&rsquo;est une main au sol. Il ne peut pas l&rsquo;enlever, il essaye de se relever. C&rsquo;est pour \u00e7a que je ne la siffle pas.\u00a0\u00bb Des propos relay\u00e9s par Maxifoot.<\/p>\n<p><strong>Publi\u00e9 dans :<\/strong> <span>Delort<\/span><\/p>\n<\/div>\n<p>Auteur:<br \/>\n<a href=\"http:\/\/www.lebuteur.com\/article\/detail?titre=montpellier-nice-un-echange-tendu-entre-delort-et-larbitre-tu-crois-que-tes-mon-pere-ou-quoi&#038;id=99844&#038;utm_source=feedburner&#038;utm_medium=feed&#038;utm_campaign=Feed%3A+GalerieFArtciles+%28Les+derniers+articles++-+lebuteur.com%29\">Cliquez ici pour lire l&rsquo;article depuis sa source.<\/a><\/p>\n","protected":false},"excerpt":{"rendered":"<p>Auteur : lundi 26 avril 2021 13:33 Se plaignant d\u2019une main non siffl\u00e9e \u00e0 l\u2019encontre du d\u00e9fenseur central azur\u00e9en Jean-Clair Todibo, l\u2019international alg\u00e9rien a apostroph\u00e9 l\u2019officiel en seconde p\u00e9riode : \u00ab\u00a0Il y a main. Il y a main pour nous l\u00e0. Eh, siffle la main\u00a0\u00bb, a d\u2019abord lanc\u00e9 l\u2019H\u00e9raultais dans un \u00e9change film\u00e9 par Canal [&hellip;]<\/p>\n","protected":false},"author":1738,"featured_media":0,"comment_status":"closed","ping_status":"closed","sticky":false,"template":"","format":"standard","meta":{"fifu_image_url":"\/\/cdn.lebuteur.com\/data\/images\/article\/thumbs\/large-99844montpellier-nice-un-echange-tendu-entre-andy-delort-et-larbitre-de-la-rencontre-9adaa.jpg","fifu_image_alt":"Pros : Montpellier-Nice : Un \u00e9change tendu entre Delort et l'arbitre : \"tu crois que t'es mon p\u00e8re ou quoi ?\"","footnotes":""},"categories":[53,75],"tags":[],"class_list":["post-115628","post","type-post","status-publish","format-standard","hentry","category-algerie","category-sport"],"_links":{"self":[{"href":"https:\/\/linitiative.ca\/International\/wp-json\/wp\/v2\/posts\/115628","targetHints":{"allow":["GET"]}}],"collection":[{"href":"https:\/\/linitiative.ca\/International\/wp-json\/wp\/v2\/posts"}],"about":[{"href":"https:\/\/linitiative.ca\/International\/wp-json\/wp\/v2\/types\/post"}],"author":[{"embeddable":true,"href":"https:\/\/linitiative.ca\/International\/wp-json\/wp\/v2\/users\/1738"}],"replies":[{"embeddable":true,"href":"https:\/\/linitiative.ca\/International\/wp-json\/wp\/v2\/comments?post=115628"}],"version-history":[{"count":0,"href":"https:\/\/linitiative.ca\/International\/wp-json\/wp\/v2\/posts\/115628\/revisions"}],"wp:attachment":[{"href":"https:\/\/linitiative.ca\/International\/wp-json\/wp\/v2\/media?parent=115628"}],"wp:term":[{"taxonomy":"category","embeddable":true,"href":"https:\/\/linitiative.ca\/International\/wp-json\/wp\/v2\/categories?post=115628"},{"taxonomy":"post_tag","embeddable":true,"href":"https:\/\/linitiative.ca\/International\/wp-json\/wp\/v2\/tags?post=115628"}],"curies":[{"name":"wp","href":"https:\/\/api.w.org\/{rel}","templated":true}]}}