{"id":115631,"date":"2021-04-26T15:14:31","date_gmt":"2021-04-26T19:14:31","guid":{"rendered":"https:\/\/linitiative.ca\/International\/pros-dijon-benzia-et-son-equipe-mathematiquement-relegues-en-ligue-2\/"},"modified":"2021-04-26T15:14:31","modified_gmt":"2021-04-26T19:14:31","slug":"pros-dijon-benzia-et-son-equipe-mathematiquement-relegues-en-ligue-2","status":"publish","type":"post","link":"https:\/\/linitiative.ca\/International\/pros-dijon-benzia-et-son-equipe-mathematiquement-relegues-en-ligue-2\/","title":{"rendered":"Pros : Dijon : Benzia et son \u00e9quipe math\u00e9matiquement rel\u00e9gu\u00e9s en Ligue 2"},"content":{"rendered":"<div readability=\"32\">\n<p>Auteur : <span class=\"time\">lundi 26 avril 2021 19:26<\/span><\/p>\n<\/div>\n<div id=\"post_core\" readability=\"40\">\n<p>Benzia et ses co\u00e9quipiers n&rsquo;ont pas obtenu de sursis ce dimanche \u00e0 Rennes. Largement domin\u00e9s (1-5) lors de la 34e journ\u00e9e de Ligue 1 fran\u00e7aise, les dijonnais ne peuvent math\u00e9matiquement plus se maintenir (13 points de retard sur Nantes, 18e et barragiste, \u00e0 quatre journ\u00e9es de la fin) et \u00e9volueront donc en Ligue 2 la saison prochaine. Pourtant, l&rsquo;international alg\u00e9rien revenait plut\u00f4t bien ces derni\u00e8res semaines avec deux buts inscrits lors des deux derni\u00e8res journ\u00e9es, mais il n&rsquo;a pu emp\u00each\u00e9 son \u00e9quipe de descendre en division inf\u00e9rieure. Rappelons que le contrat de Benzia avec Dijon court jusqu&rsquo;en 2023.<\/p>\n<p><strong>Publi\u00e9 dans :<\/strong> <span>benzia<\/span><\/p>\n<\/div>\n<p>Auteur:<br \/>\n<a href=\"http:\/\/www.lebuteur.com\/article\/detail?titre=dijon-benzia-et-son-equipe-mathematiquement-relegues-en-ligue-2&#038;id=99847&#038;utm_source=feedburner&#038;utm_medium=feed&#038;utm_campaign=Feed%3A+GalerieFArtciles+%28Les+derniers+articles++-+lebuteur.com%29\">Cliquez ici pour lire l&rsquo;article depuis sa source.<\/a><\/p>\n","protected":false},"excerpt":{"rendered":"<p>Auteur : lundi 26 avril 2021 19:26 Benzia et ses co\u00e9quipiers n&rsquo;ont pas obtenu de sursis ce dimanche \u00e0 Rennes. Largement domin\u00e9s (1-5) lors de la 34e journ\u00e9e de Ligue 1 fran\u00e7aise, les dijonnais ne peuvent math\u00e9matiquement plus se maintenir (13 points de retard sur Nantes, 18e et barragiste, \u00e0 quatre journ\u00e9es de la fin) [&hellip;]<\/p>\n","protected":false},"author":1738,"featured_media":0,"comment_status":"closed","ping_status":"closed","sticky":false,"template":"","format":"standard","meta":{"fifu_image_url":"\/\/cdn.lebuteur.com\/data\/images\/article\/thumbs\/large-dijon-benzia-et-son-equipe-mathematiquement-relegues-en-ligue-2-76e8d.jpg","fifu_image_alt":"Pros : Dijon : Benzia et son \u00e9quipe math\u00e9matiquement rel\u00e9gu\u00e9s en Ligue 2","footnotes":""},"categories":[53,75],"tags":[],"class_list":["post-115631","post","type-post","status-publish","format-standard","hentry","category-algerie","category-sport"],"_links":{"self":[{"href":"https:\/\/linitiative.ca\/International\/wp-json\/wp\/v2\/posts\/115631","targetHints":{"allow":["GET"]}}],"collection":[{"href":"https:\/\/linitiative.ca\/International\/wp-json\/wp\/v2\/posts"}],"about":[{"href":"https:\/\/linitiative.ca\/International\/wp-json\/wp\/v2\/types\/post"}],"author":[{"embeddable":true,"href":"https:\/\/linitiative.ca\/International\/wp-json\/wp\/v2\/users\/1738"}],"replies":[{"embeddable":true,"href":"https:\/\/linitiative.ca\/International\/wp-json\/wp\/v2\/comments?post=115631"}],"version-history":[{"count":0,"href":"https:\/\/linitiative.ca\/International\/wp-json\/wp\/v2\/posts\/115631\/revisions"}],"wp:attachment":[{"href":"https:\/\/linitiative.ca\/International\/wp-json\/wp\/v2\/media?parent=115631"}],"wp:term":[{"taxonomy":"category","embeddable":true,"href":"https:\/\/linitiative.ca\/International\/wp-json\/wp\/v2\/categories?post=115631"},{"taxonomy":"post_tag","embeddable":true,"href":"https:\/\/linitiative.ca\/International\/wp-json\/wp\/v2\/tags?post=115631"}],"curies":[{"name":"wp","href":"https:\/\/api.w.org\/{rel}","templated":true}]}}