{"id":115635,"date":"2021-04-26T06:00:00","date_gmt":"2021-04-26T10:00:00","guid":{"rendered":"https:\/\/linitiative.ca\/International\/les-architectes-et-la-commande-publique\/"},"modified":"2021-04-26T06:00:00","modified_gmt":"2021-04-26T10:00:00","slug":"les-architectes-et-la-commande-publique","status":"publish","type":"post","link":"https:\/\/linitiative.ca\/International\/les-architectes-et-la-commande-publique\/","title":{"rendered":"Les architectes et la commande publique"},"content":{"rendered":"<p class=\"c3\">Le Syndicat national des architectes agr\u00e9\u00e9s alg\u00e9riens (Synaa) vient de saisir, par lettre ouverte, le ministre de l\u2019Habitat, de l\u2019Urbanisme et de la Ville afin de l\u2019alerter sur l\u2019acc\u00e8s \u00e0 la concurrence dans la commande publique de ma\u00eetrise d\u2019\u0153uvre en Alg\u00e9rie. Ce syndicat d\u00e9nonce de multiples entraves qui ne favorisent pas l\u2019acc\u00e8s \u00e0 la commande publique.<\/p>\n<p>Auteur:<br \/>\n<a href=\"https:\/\/www.lesoirdalgerie.com\/periscoop\/les-architectes-et-la-commande-publique-60224\">Cliquez ici pour lire l&rsquo;article depuis sa source.<\/a><\/p>\n","protected":false},"excerpt":{"rendered":"<p>Le Syndicat national des architectes agr\u00e9\u00e9s alg\u00e9riens (Synaa) vient de saisir, par lettre ouverte, le ministre de l\u2019Habitat, de l\u2019Urbanisme et de la Ville afin de l\u2019alerter sur l\u2019acc\u00e8s \u00e0 la concurrence dans la commande publique de ma\u00eetrise d\u2019\u0153uvre en Alg\u00e9rie. Ce syndicat d\u00e9nonce de multiples entraves qui ne favorisent pas l\u2019acc\u00e8s \u00e0 la commande [&hellip;]<\/p>\n","protected":false},"author":1741,"featured_media":0,"comment_status":"closed","ping_status":"closed","sticky":false,"template":"","format":"standard","meta":{"fifu_image_url":"","fifu_image_alt":"","footnotes":""},"categories":[73,53],"tags":[],"class_list":["post-115635","post","type-post","status-publish","format-standard","hentry","category-actualite","category-algerie"],"_links":{"self":[{"href":"https:\/\/linitiative.ca\/International\/wp-json\/wp\/v2\/posts\/115635","targetHints":{"allow":["GET"]}}],"collection":[{"href":"https:\/\/linitiative.ca\/International\/wp-json\/wp\/v2\/posts"}],"about":[{"href":"https:\/\/linitiative.ca\/International\/wp-json\/wp\/v2\/types\/post"}],"author":[{"embeddable":true,"href":"https:\/\/linitiative.ca\/International\/wp-json\/wp\/v2\/users\/1741"}],"replies":[{"embeddable":true,"href":"https:\/\/linitiative.ca\/International\/wp-json\/wp\/v2\/comments?post=115635"}],"version-history":[{"count":0,"href":"https:\/\/linitiative.ca\/International\/wp-json\/wp\/v2\/posts\/115635\/revisions"}],"wp:attachment":[{"href":"https:\/\/linitiative.ca\/International\/wp-json\/wp\/v2\/media?parent=115635"}],"wp:term":[{"taxonomy":"category","embeddable":true,"href":"https:\/\/linitiative.ca\/International\/wp-json\/wp\/v2\/categories?post=115635"},{"taxonomy":"post_tag","embeddable":true,"href":"https:\/\/linitiative.ca\/International\/wp-json\/wp\/v2\/tags?post=115635"}],"curies":[{"name":"wp","href":"https:\/\/api.w.org\/{rel}","templated":true}]}}