{"id":115637,"date":"2021-04-26T06:00:00","date_gmt":"2021-04-26T10:00:00","guid":{"rendered":"https:\/\/linitiative.ca\/International\/ali-yahia-abdenour\/"},"modified":"2021-04-26T06:00:00","modified_gmt":"2021-04-26T10:00:00","slug":"ali-yahia-abdenour","status":"publish","type":"post","link":"https:\/\/linitiative.ca\/International\/ali-yahia-abdenour\/","title":{"rendered":"Ali Yahia Abdenour"},"content":{"rendered":"<p class=\"c3\">Digoutage en deuil ! Ali Yahia Abdenour, le bulldozer des droits de l\u2019Homme, nous a quitt\u00e9s \u00e0 100 ans. Belle long\u00e9vit\u00e9 pour quelqu\u2019un qui n\u2019a pas perdu une minute du si\u00e8cle qu\u2019il a v\u00e9cu dans un combat pour la libert\u00e9. Un titre pour lui : 100 ans de gratitude ! Condol\u00e9ances les plus attrist\u00e9es !<br \/><em><strong>A. T.<\/strong><\/em><\/p>\n<p>Auteur:<br \/>\n<a href=\"https:\/\/www.lesoirdalgerie.com\/digoutage\/ali-yahia-abdenour-60222\">Cliquez ici pour lire l&rsquo;article depuis sa source.<\/a><\/p>\n","protected":false},"excerpt":{"rendered":"<p>Digoutage en deuil ! Ali Yahia Abdenour, le bulldozer des droits de l\u2019Homme, nous a quitt\u00e9s \u00e0 100 ans. Belle long\u00e9vit\u00e9 pour quelqu\u2019un qui n\u2019a pas perdu une minute du si\u00e8cle qu\u2019il a v\u00e9cu dans un combat pour la libert\u00e9. Un titre pour lui : 100 ans de gratitude ! Condol\u00e9ances les plus attrist\u00e9es !A. [&hellip;]<\/p>\n","protected":false},"author":1741,"featured_media":0,"comment_status":"closed","ping_status":"closed","sticky":false,"template":"","format":"standard","meta":{"fifu_image_url":"","fifu_image_alt":"","footnotes":""},"categories":[73,53],"tags":[],"class_list":["post-115637","post","type-post","status-publish","format-standard","hentry","category-actualite","category-algerie"],"_links":{"self":[{"href":"https:\/\/linitiative.ca\/International\/wp-json\/wp\/v2\/posts\/115637","targetHints":{"allow":["GET"]}}],"collection":[{"href":"https:\/\/linitiative.ca\/International\/wp-json\/wp\/v2\/posts"}],"about":[{"href":"https:\/\/linitiative.ca\/International\/wp-json\/wp\/v2\/types\/post"}],"author":[{"embeddable":true,"href":"https:\/\/linitiative.ca\/International\/wp-json\/wp\/v2\/users\/1741"}],"replies":[{"embeddable":true,"href":"https:\/\/linitiative.ca\/International\/wp-json\/wp\/v2\/comments?post=115637"}],"version-history":[{"count":0,"href":"https:\/\/linitiative.ca\/International\/wp-json\/wp\/v2\/posts\/115637\/revisions"}],"wp:attachment":[{"href":"https:\/\/linitiative.ca\/International\/wp-json\/wp\/v2\/media?parent=115637"}],"wp:term":[{"taxonomy":"category","embeddable":true,"href":"https:\/\/linitiative.ca\/International\/wp-json\/wp\/v2\/categories?post=115637"},{"taxonomy":"post_tag","embeddable":true,"href":"https:\/\/linitiative.ca\/International\/wp-json\/wp\/v2\/tags?post=115637"}],"curies":[{"name":"wp","href":"https:\/\/api.w.org\/{rel}","templated":true}]}}