{"id":115638,"date":"2021-04-26T06:00:00","date_gmt":"2021-04-26T10:00:00","guid":{"rendered":"https:\/\/linitiative.ca\/International\/les-histoires-a-dormir-debout-sous-un-abribus-autonome\/"},"modified":"2021-04-26T06:00:00","modified_gmt":"2021-04-26T10:00:00","slug":"les-histoires-a-dormir-debout-sous-un-abribus-autonome","status":"publish","type":"post","link":"https:\/\/linitiative.ca\/International\/les-histoires-a-dormir-debout-sous-un-abribus-autonome\/","title":{"rendered":"Les histoires \u00e0 dormir debout sous un abribus autonome !"},"content":{"rendered":"<p class=\"c3\">Si le football est l\u2019opium des peuples, alors, je l\u2019avoue\u2026<\/p>\n<p class=\"c3\"><strong>\u2026 Belmadi est mon dealer !<\/strong><\/p>\n<p class=\"c3\">Pour rester dans la th\u00e9matique de l\u2019exergue, celle du foot, on va donc jouer les prolongations. Prolongation de la date de d\u00e9p\u00f4t des candidatures pour les l\u00e9gislatives du 12 juin. Pourquoi prolonge-t-on une date de d\u00e9p\u00f4t ? Une date que personne n\u2019a forc\u00e9 ses initiateurs, le Palais principalement, \u00e0 fixer aussi h\u00e2tivement ? Les services m\u00e9t\u00e9o ont-ils pr\u00e9vu de fortes pr\u00e9cipitations, voire des risques de tsunami sur nos c\u00f4tes pour qu\u2019un tel report ait \u00e9t\u00e9 d\u00e9cid\u00e9 ? Craignait-on en haut lieu l\u2019avis de la Ligue nationale des cartomanciens et des chouwafate qui consid\u00e8rent la premi\u00e8re date-butoir, le 27 avril \u00e0 minuit, peu recommandable, un 27 ne devant \u00eatre consacr\u00e9 qu\u2019\u00e0 la circoncision g\u00e9n\u00e9rale de tous les zizis en \u00e2ge de passer sous les ciseaux ? Ou alors, c\u2019est qu\u2019un \u00e9v\u00e9nement majeur aurait pu parasiter cette date-butoir du 27. Et des \u00e9v\u00e8nements majeurs, je n\u2019en vois qu\u2019un pr\u00e9vu \u00e0 cette date, l\u2019inauguration en plusieurs coins de la Kabylie d\u2019abribus \u2026 autonomes, fonctionnant \u00e0 l\u2019\u00e9nergie solaire et dont l\u2019implantation, aux yeux du pouvoir central, couperait l\u2019herbe sous le pied du MAK. Je ne connais pas dans le d\u00e9tail le programme du MAK, mais je doute tout de m\u00eame que les abribus\u2026 ind\u00e9pendants du branchement au r\u00e9seau \u00e9lectrique de la Sonelgaz et de la commune soient inscrits dans les priorit\u00e9s de Ferhat Mehenni ! Mais alors, si ce n\u2019est pas pour toutes ces raisons, pourquoi reporter du 27 avril au 9 mai la date de d\u00e9p\u00f4t des candidatures aux l\u00e9gislatives ? J\u2019ai bien ma petite id\u00e9e ! La m\u00eame id\u00e9e d\u2019ailleurs qui s\u2019allumait dans un coin f\u00e9d\u00e9raliste de ma t\u00eate lorsque, au cours de tous les scrutins de toutes ces derni\u00e8res ann\u00e9es, j\u2019apprenais que la fermeture des bureaux de vote allait \u00eatre retard\u00e9e d\u2019une heure, voire de deux. L\u00e0, \u00e0 ce moment pr\u00e9cis, d\u00e8s le communiqu\u00e9 du minist\u00e8re de l\u2019Int\u00e9rieur rendu public, et la prolongation d\u2019une heure du vote \u00ab transparent, libre et d\u00e9mocratique \u00bb act\u00e9e, invariablement, j\u2019avais aussit\u00f4t une pens\u00e9e \u00e9mue pour les\u2026 abri-bus ! Du 27 avril au 9 mai, les panneaux solaires de ces abribus auront largement le temps de se charger. \u00c0 bloc ! Je fume du th\u00e9 et je reste \u00e9veill\u00e9, le cauchemar continue.<br \/><em><strong>H. L.<\/strong><\/em><\/p>\n<p>Auteur:<br \/>\n<a href=\"https:\/\/www.lesoirdalgerie.com\/pousse-avec-eux\/les-histoires-a-dormir-debout-sous-un-abribus-autonome-60221\">Cliquez ici pour lire l&rsquo;article depuis sa source.<\/a><\/p>\n","protected":false},"excerpt":{"rendered":"<p>Si le football est l\u2019opium des peuples, alors, je l\u2019avoue\u2026 \u2026 Belmadi est mon dealer ! Pour rester dans la th\u00e9matique de l\u2019exergue, celle du foot, on va donc jouer les prolongations. Prolongation de la date de d\u00e9p\u00f4t des candidatures pour les l\u00e9gislatives du 12 juin. Pourquoi prolonge-t-on une date de d\u00e9p\u00f4t ? Une date [&hellip;]<\/p>\n","protected":false},"author":1741,"featured_media":0,"comment_status":"closed","ping_status":"closed","sticky":false,"template":"","format":"standard","meta":{"fifu_image_url":"","fifu_image_alt":"","footnotes":""},"categories":[73,53],"tags":[],"class_list":["post-115638","post","type-post","status-publish","format-standard","hentry","category-actualite","category-algerie"],"_links":{"self":[{"href":"https:\/\/linitiative.ca\/International\/wp-json\/wp\/v2\/posts\/115638","targetHints":{"allow":["GET"]}}],"collection":[{"href":"https:\/\/linitiative.ca\/International\/wp-json\/wp\/v2\/posts"}],"about":[{"href":"https:\/\/linitiative.ca\/International\/wp-json\/wp\/v2\/types\/post"}],"author":[{"embeddable":true,"href":"https:\/\/linitiative.ca\/International\/wp-json\/wp\/v2\/users\/1741"}],"replies":[{"embeddable":true,"href":"https:\/\/linitiative.ca\/International\/wp-json\/wp\/v2\/comments?post=115638"}],"version-history":[{"count":0,"href":"https:\/\/linitiative.ca\/International\/wp-json\/wp\/v2\/posts\/115638\/revisions"}],"wp:attachment":[{"href":"https:\/\/linitiative.ca\/International\/wp-json\/wp\/v2\/media?parent=115638"}],"wp:term":[{"taxonomy":"category","embeddable":true,"href":"https:\/\/linitiative.ca\/International\/wp-json\/wp\/v2\/categories?post=115638"},{"taxonomy":"post_tag","embeddable":true,"href":"https:\/\/linitiative.ca\/International\/wp-json\/wp\/v2\/tags?post=115638"}],"curies":[{"name":"wp","href":"https:\/\/api.w.org\/{rel}","templated":true}]}}