{"id":11564,"date":"2019-02-05T09:42:08","date_gmt":"2019-02-05T14:42:08","guid":{"rendered":"https:\/\/linitiative.ca\/International\/limprimerie-del-khabar-et-el-watan-a-constantine-ravage-par-un-incendie\/"},"modified":"2019-02-05T09:42:08","modified_gmt":"2019-02-05T14:42:08","slug":"limprimerie-del-khabar-et-el-watan-a-constantine-ravage-par-un-incendie","status":"publish","type":"post","link":"https:\/\/linitiative.ca\/International\/limprimerie-del-khabar-et-el-watan-a-constantine-ravage-par-un-incendie\/","title":{"rendered":"L&rsquo;imprimerie d&rsquo;El Khabar et El Watan \u00e0 Constantine ravag\u00e9 par un incendie"},"content":{"rendered":"<div>\n<div class=\"K2FeedImage\"><img decoding=\"async\" src=\"http:\/\/www.aps.dz\/media\/k2\/items\/cache\/cee2d144c7b111e7d3ea08812109e1a5_S.jpg\" alt=\"L'imprimerie d'El Khabar et El Watan \u00e0 Constantine ravag\u00e9 par un incendie\"><\/div>\n<div class=\"K2FeedIntroText\">\n<p><strong>ALGER &#8211; Un incendie a ravag\u00e9 mardi matin l&rsquo;imprimerie d\u00e9tenue par les quotidiens El Khabar et El Watan \u00e0 Constantine, ont annonc\u00e9 ces deux journaux.<\/strong><\/p>\n<\/div>\n<div class=\"K2FeedFullText\">\n<p>\u00ab\u00a0Un grave incendie s\u2019est d\u00e9clar\u00e9 t\u00f4t ce matin sur le site de la\u00a0 SARL SIMPREC, situ\u00e9e \u00e0 Constantine filiale d\u2019El Khabar et d\u2019El Watan et sp\u00e9cialis\u00e9e dans l\u2019impression des journaux\u00a0\u00bb, ont-ils indiqu\u00e9 dans un communiqu\u00e9 conjoint.<\/p>\n<p>Selon la m\u00eame source, aucun d\u00e9g\u00e2t humain n&rsquo;est signal\u00e9, mais les d\u00e9g\u00e2ts mat\u00e9riels sont \u00ab\u00a0consid\u00e9rables\u00a0\u00bb et \u00ab\u00a0l&rsquo;imprimerie est totalement \u00e0 l\u2019arr\u00eat\u00a0\u00bb.<\/p>\n<p>\u00ab\u00a0Elle a subi des dommages importants, en d\u00e9pit du fait que le site soit \u00e9quip\u00e9 de moyens anti-incendie ad\u00e9quats et qui r\u00e9pondent aux normes de s\u00e9curit\u00e9\u00a0\u00bb, ont-ils soulign\u00e9.<\/p>\n<p>Les directions d&rsquo;El Khabar et d&rsquo;El Watan qui affirment que l&rsquo;origine de cet incendie est \u00ab\u00a0inconnue\u00a0\u00bb pour le moment, demandent aux autorit\u00e9s de diligenter \u00a0\u00bbune enqu\u00eate approfondie\u00a0\u00bb pour d\u00e9terminer les causes de ce drame.<\/p>\n<p>\u00ab\u00a0Des dispositions ont \u00e9t\u00e9 prises pour r\u00e9pondre aux besoins des lecteurs de l\u2019Est du pays, qui auront leurs quotidiens Libert\u00e9 , El Khabar, El Watan et El Khabar Erriadhi d\u00e8s demain matin dans l\u2019ensemble des kiosques\u00a0\u00bb, selon la m\u00eame source, soulignant que cet incident \u00ab\u00a0n\u2019affecte nullement la d\u00e9termination de ces deux journaux \u00e0 poursuivre leurs missions d&rsquo;informer objectivement leur lectorat\u00a0\u00bb, ont-ils affirm\u00e9.<\/p>\n<p>D\u2019importants d\u00e9g\u00e2ts mat\u00e9riels ont \u00e9t\u00e9 enregistr\u00e9s suite cet incendie, avaient indiqu\u00e9 \u00e0 l\u2019APS les services de la protection civile.<\/p>\n<p>Les \u00e9quipements d\u2019impression ont \u00e9t\u00e9 \u00ab\u00a0s\u00e9rieusement endommag\u00e9s\u00a0\u00bb, a pr\u00e9cis\u00e9 le responsable de la cellule de l\u2019information et de la communication de ce corps constitu\u00e9, le lieutenant Nourreddine Tafer, d\u00e9taillant que deux (2) hangars de stockage et de recyclage du papier de cette imprimerie, \u00e9rig\u00e9e sur une superficie de 4.000 m2 ont \u00e9t\u00e9 d\u00e9truits par l\u2019incendie.<\/p>\n<\/div>\n<\/div>\n","protected":false},"excerpt":{"rendered":"<p>ALGER &#8211; Un incendie a ravag\u00e9 mardi matin l&rsquo;imprimerie d\u00e9tenue par les quotidiens El Khabar et El Watan \u00e0 Constantine, ont annonc\u00e9 ces deux journaux. \u00ab\u00a0Un grave incendie s\u2019est d\u00e9clar\u00e9 t\u00f4t ce matin sur le site de la\u00a0 SARL SIMPREC, situ\u00e9e \u00e0 Constantine filiale d\u2019El Khabar et d\u2019El Watan et sp\u00e9cialis\u00e9e dans l\u2019impression des journaux\u00a0\u00bb, [&hellip;]<\/p>\n","protected":false},"author":1790,"featured_media":11565,"comment_status":"closed","ping_status":"closed","sticky":false,"template":"","format":"standard","meta":{"fifu_image_url":"","fifu_image_alt":"","footnotes":""},"categories":[53,76],"tags":[],"class_list":["post-11564","post","type-post","status-publish","format-standard","has-post-thumbnail","hentry","category-algerie","category-regions"],"_links":{"self":[{"href":"https:\/\/linitiative.ca\/International\/wp-json\/wp\/v2\/posts\/11564","targetHints":{"allow":["GET"]}}],"collection":[{"href":"https:\/\/linitiative.ca\/International\/wp-json\/wp\/v2\/posts"}],"about":[{"href":"https:\/\/linitiative.ca\/International\/wp-json\/wp\/v2\/types\/post"}],"author":[{"embeddable":true,"href":"https:\/\/linitiative.ca\/International\/wp-json\/wp\/v2\/users\/1790"}],"replies":[{"embeddable":true,"href":"https:\/\/linitiative.ca\/International\/wp-json\/wp\/v2\/comments?post=11564"}],"version-history":[{"count":0,"href":"https:\/\/linitiative.ca\/International\/wp-json\/wp\/v2\/posts\/11564\/revisions"}],"wp:featuredmedia":[{"embeddable":true,"href":"https:\/\/linitiative.ca\/International\/wp-json\/"}],"wp:attachment":[{"href":"https:\/\/linitiative.ca\/International\/wp-json\/wp\/v2\/media?parent=11564"}],"wp:term":[{"taxonomy":"category","embeddable":true,"href":"https:\/\/linitiative.ca\/International\/wp-json\/wp\/v2\/categories?post=11564"},{"taxonomy":"post_tag","embeddable":true,"href":"https:\/\/linitiative.ca\/International\/wp-json\/wp\/v2\/tags?post=11564"}],"curies":[{"name":"wp","href":"https:\/\/api.w.org\/{rel}","templated":true}]}}