{"id":115640,"date":"2021-04-26T07:51:01","date_gmt":"2021-04-26T11:51:01","guid":{"rendered":"https:\/\/linitiative.ca\/International\/vaccination-la-campagne-elargie-aux-55-60-ans\/"},"modified":"2021-04-26T07:51:01","modified_gmt":"2021-04-26T11:51:01","slug":"vaccination-la-campagne-elargie-aux-55-60-ans","status":"publish","type":"post","link":"https:\/\/linitiative.ca\/International\/vaccination-la-campagne-elargie-aux-55-60-ans\/","title":{"rendered":"Vaccination : la campagne \u00e9largie aux 55-60 ans"},"content":{"rendered":"<p><strong>La campagne nationale de vaccination sera \u00e9largie, \u00e0 partir de mardi 27 avril, \u00e0 la tranche d\u2019\u00e2ge entre 55 et 60 ans, a annonc\u00e9, lundi, le minist\u00e8re de la Sant\u00e9.<\/strong><\/p>\n<div class=\"c10\">\n<\/div>\n<p>Le minist\u00e8re affirme que cette mesure s\u2019inscrit dans le cadre de la campagne nationale de vaccination contre le coronavirus, appelant tous les citoyens appartenant aux cat\u00e9gories cibl\u00e9es \u00e0 poursuivre leur adh\u00e9sion \u00e0 ce chantier national d\u2019envergure en vue de progresser vers l\u2019immunit\u00e9 collective, en envoyant un SMS au num\u00e9ro gratuit 17 17 ou en consultant le site <a href=\"http:\/\/www.liqahcorona.ma\">liqahcorona.ma<\/a> pour conna\u00eetre la date et le lieu de vaccination.<\/p>\n<p><strong>Lire aussi|\u00a0<a href=\"https:\/\/www.challenge.ma\/africa-digital-manager-award-trois-projets-marocains-nomines-182517\/\">Africa Digital Manager Award : trois projets marocains nomin\u00e9s<\/a><\/strong><\/p>\n<p>Le d\u00e9partement insiste aussi sur la n\u00e9cessit\u00e9 de continuer \u00e0 se conformer aux mesures de pr\u00e9vention avant, pendant et apr\u00e8s l\u2019op\u00e9ration de vaccination anti-Covid 19, pour contribuer aux efforts de lutte contre la propagation du virus, notamment apr\u00e8s la d\u00e9couverte de nouveaux variants au Maroc.<\/p>\n<p><strong>Lire aussi|\u00a0<a href=\"https:\/\/www.challenge.ma\/la-region-de-rabat-sale-kenitra-lance-son-club-des-investisseurs-182513\/\">La r\u00e9gion de Rabat-Sal\u00e9-K\u00e9nitra lance son \u00ab Club des investisseurs \u00bb<\/a><\/strong><\/p>\n<p>Avec MAP<\/p>\n<p>Auteur: challenge<br \/>\n<a href=\"https:\/\/www.challenge.ma\/vaccination-la-campagne-elargie-aux-55-60-ans-182609\/\">Cliquez ici pour lire l&rsquo;article depuis sa source.<\/a><\/p>\n","protected":false},"excerpt":{"rendered":"<p>La campagne nationale de vaccination sera \u00e9largie, \u00e0 partir de mardi 27 avril, \u00e0 la tranche d\u2019\u00e2ge entre 55 et 60 ans, a annonc\u00e9, lundi, le minist\u00e8re de la Sant\u00e9. Le minist\u00e8re affirme que cette mesure s\u2019inscrit dans le cadre de la campagne nationale de vaccination contre le coronavirus, appelant tous les citoyens appartenant aux [&hellip;]<\/p>\n","protected":false},"author":1787,"featured_media":0,"comment_status":"closed","ping_status":"closed","sticky":false,"template":"","format":"standard","meta":{"fifu_image_url":"","fifu_image_alt":"","footnotes":""},"categories":[78,54],"tags":[],"class_list":["post-115640","post","type-post","status-publish","format-standard","hentry","category-economie","category-maroc"],"_links":{"self":[{"href":"https:\/\/linitiative.ca\/International\/wp-json\/wp\/v2\/posts\/115640","targetHints":{"allow":["GET"]}}],"collection":[{"href":"https:\/\/linitiative.ca\/International\/wp-json\/wp\/v2\/posts"}],"about":[{"href":"https:\/\/linitiative.ca\/International\/wp-json\/wp\/v2\/types\/post"}],"author":[{"embeddable":true,"href":"https:\/\/linitiative.ca\/International\/wp-json\/wp\/v2\/users\/1787"}],"replies":[{"embeddable":true,"href":"https:\/\/linitiative.ca\/International\/wp-json\/wp\/v2\/comments?post=115640"}],"version-history":[{"count":0,"href":"https:\/\/linitiative.ca\/International\/wp-json\/wp\/v2\/posts\/115640\/revisions"}],"wp:attachment":[{"href":"https:\/\/linitiative.ca\/International\/wp-json\/wp\/v2\/media?parent=115640"}],"wp:term":[{"taxonomy":"category","embeddable":true,"href":"https:\/\/linitiative.ca\/International\/wp-json\/wp\/v2\/categories?post=115640"},{"taxonomy":"post_tag","embeddable":true,"href":"https:\/\/linitiative.ca\/International\/wp-json\/wp\/v2\/tags?post=115640"}],"curies":[{"name":"wp","href":"https:\/\/api.w.org\/{rel}","templated":true}]}}