{"id":115646,"date":"2021-04-26T16:50:58","date_gmt":"2021-04-26T20:50:58","guid":{"rendered":"https:\/\/linitiative.ca\/International\/coupe-arabe-des-nations-la-tunisie-dans-le-chapeau-principal\/"},"modified":"2021-04-26T16:50:58","modified_gmt":"2021-04-26T20:50:58","slug":"coupe-arabe-des-nations-la-tunisie-dans-le-chapeau-principal","status":"publish","type":"post","link":"https:\/\/linitiative.ca\/International\/coupe-arabe-des-nations-la-tunisie-dans-le-chapeau-principal\/","title":{"rendered":"Coupe arabe des nations : La Tunisie dans le chapeau principal"},"content":{"rendered":"<div class=\"post-cont-in left relative\">\n<div id=\"post-info-wrap\" class=\"left relative post-info-out\">\n<div class=\"post-info-img left relative\"><img decoding=\"async\" alt=\"\" src=\"https:\/\/secure.gravatar.com\/avatar\/e08a32c38bbac601a92c63c79d61b38d?s=50&amp;d=mm&amp;r=g\" srcset=\"https:\/\/secure.gravatar.com\/avatar\/e08a32c38bbac601a92c63c79d61b38d?s=100&amp;d=mm&amp;r=g 2x\" class=\"avatar avatar-50 photo\" height=\"50\" width=\"50\" loading=\"lazy\"\/><\/div>\n<div class=\"post-info-in\">\n<div class=\"post-info-right left relative post-info-name left relative\"><span itemprop=\"author\" itemscope=\"itemscope\" itemtype=\"https:\/\/schema.org\/Person\"><span class=\"post-info-text\">By<\/span> <span class=\"author-name vcard fn author\" itemprop=\"name\"><a href=\"https:\/\/sport.tunisienumerique.com\/author\/fakhreddine\/\" title=\"Articles par Fakhreddine Ben Malek\" rel=\"author\">Fakhreddine Ben Malek<\/a><\/span> <span class=\"author-twitter\"><a href=\"https:\/\/twitter.com\/Fakhr_Ben_Malek\" class=\"twitter-but\" target=\"_blank\" rel=\"noopener\"><\/span><\/span> <span class=\"post-date updated\"><time class=\"post-date updated\" itemprop=\"datePublished\" datetime=\"2021-04-26\">\u00a0| Il y a 9 secondes<\/time><\/span><br \/>\n<meta itemprop=\"dateModified\" content=\"2021-04-26\"\/><\/div>\n<div class=\"left relative\"><button id=\"listenButton1\" class=\"responsivevoice-button\" type=\"button\" value=\"Play\" title=\"\u00c9coutez l'article\"><span>\ud83d\udd0a \u00c9coutez l&rsquo;article<\/span><\/button>\n<\/div>\n<\/div>\n<\/div>\n<p>Comme pr\u00e9vu, La s\u00e9lection tunisienne se trouve dans le chapeau principal en vue du tirage au sort de la Coupe arabe des nations 2021. La FIFA a d\u00e9voil\u00e9 les chapeaux, ce lundi.<\/p>\n<p>Comme pr\u00e9vu, La Tunisie est trouv\u00e9e dans le chapeau principal \u00e0 c\u00f4t\u00e9 du pays h\u00f4te le Qatar, l\u2019Alg\u00e9rie et le Maroc. Ce qui signifie que les Aigles de Carthage seront \u00e0 la t\u00eate de l\u2019un des quatre groupes de la comp\u00e9tition avec la possibilit\u00e9 d\u2019affronter l\u2019Egypte (2\u00e8me chapeau) dans la phase de poules.<\/p>\n<div class=\"code-block code-block-1 c5\">\n <ins class=\"adsbygoogle c4\" data-ad-layout=\"in-article\" data-ad-format=\"fluid\" data-ad-client=\"ca-pub-2102118777505746\" data-ad-slot=\"7301775417\"\/>\n<\/div>\n<p>Le tirage au sort de la comp\u00e9tition aura lieu demain \u00e0 la capitale qatarienne, Doha, \u00e0 partir de 19 heures (heure tunisienne).<\/p>\n<p>Cette comp\u00e9tition aura lieu au Qatar du 01er au 18 d\u00e9cembre.<\/p>\n<p><strong>Voici la composition des chapeaux :<\/strong><\/p>\n<p><strong>Pot 1 : Tunisie<\/strong> \u2013 Alg\u00e9rie \u2013 Maroc \u2013 Qatar<\/p>\n<p><strong>Pot 2 :<\/strong> Egypte \u2013 Arabie Saoudite \u2013 Irak \u2013 Emirats<\/p>\n<p><strong>Pot 3 :<\/strong> Syrie \u2013 Oman ou Somalie \u2013 Liban ou Djibouti \u2013 Jordanie ou Soudan du Sud<\/p>\n<p><strong>Pot 4 :<\/strong> Bahre\u00efn ou Kowe\u00eft \u2013 Mauritanie ou Y\u00e9men \u2013 Palestine ou les Comores \u2013 Libye ou Soudan<\/p>\n<div class=\"heateor_sss_sharing_container heateor_sss_horizontal_sharing\" heateor-sss-data-href=\"https:\/\/sport.tunisienumerique.com\/coupe-arabe-des-nations-la-tunisie-dans-le-chapeau-principal\/\">\n<div class=\"heateor_sss_sharing_title c6\">Cet article vous a \u00e9t\u00e9 utile? Partagez le, il int\u00e9ressera d\u2019autres personnes. Merci!<\/div>\n<ul class=\"heateor_sss_sharing_ul\">\n<li class=\"heateorSssSharingRound\"><em alt=\"Facebook\" title=\"Facebook\" class=\"heateorSssSharing heateorSssFacebookBackground c7\" onclick=\"heateorSssPopup(&quot;https:\/\/www.facebook.com\/sharer\/sharer.php?u=https%3A%2F%2Fsport.tunisienumerique.com%2Fcoupe-arabe-des-nations-la-tunisie-dans-le-chapeau-principal%2F&quot;)\">\u00a0<\/em><\/li>\n<li class=\"heateorSssSharingRound\"><em alt=\"Twitter\" title=\"Twitter\" class=\"heateorSssSharing heateorSssTwitterBackground c7\" onclick=\"heateorSssPopup(&quot;http:\/\/twitter.com\/intent\/tweet?text=Coupe%20arabe%20des%20nations%20%3A%20La%20Tunisie%20dans%20le%20chapeau%20principal&amp;url=https%3A%2F%2Fsport.tunisienumerique.com%2Fcoupe-arabe-des-nations-la-tunisie-dans-le-chapeau-principal%2F&quot;)\">\u00a0<\/em><\/li>\n<li class=\"heateorSssSharingRound\"><em alt=\"Linkedin\" title=\"Linkedin\" class=\"heateorSssSharing heateorSssLinkedinBackground c7\" onclick=\"heateorSssPopup(&quot;http:\/\/www.linkedin.com\/shareArticle?mini=true&amp;url=https%3A%2F%2Fsport.tunisienumerique.com%2Fcoupe-arabe-des-nations-la-tunisie-dans-le-chapeau-principal%2F&amp;title=Coupe%20arabe%20des%20nations%20%3A%20La%20Tunisie%20dans%20le%20chapeau%20principal&quot;)\">\u00a0<\/em><\/li>\n<li class=\"heateorSssSharingRound\"><em alt=\"Google Gmail\" title=\"Google Gmail\" class=\"heateorSssSharing heateorSssGoogleGmailBackground c7\" onclick=\"heateorSssPopup(&quot;https:\/\/mail.google.com\/mail\/?ui=2&amp;view=cm&amp;fs=1&amp;tf=1&amp;su=Coupe%20arabe%20des%20nations%20%3A%20La%20Tunisie%20dans%20le%20chapeau%20principal&amp;body=Link:https%3A%2F%2Fsport.tunisienumerique.com%2Fcoupe-arabe-des-nations-la-tunisie-dans-le-chapeau-principal%2F&quot;)\">\u00a0<\/em><\/li>\n<li class=\"heateorSssSharingRound\"><em alt=\"Whatsapp\" title=\"Whatsapp\" class=\"heateorSssSharing heateorSssWhatsappBackground c7\"><a href=\"https:\/\/web.whatsapp.com\/send?text=Coupe%20arabe%20des%20nations%20%3A%20La%20Tunisie%20dans%20le%20chapeau%20principal%20https%3A%2F%2Fsport.tunisienumerique.com%2Fcoupe-arabe-des-nations-la-tunisie-dans-le-chapeau-principal%2F\" rel=\"nofollow noopener\" target=\"_blank\">\u00a0<\/a><\/em><\/li>\n<li class=\"heateorSssSharingRound\">\u00a0<\/li>\n<\/ul>\n<\/div>\n<p><strong>Que se passe-t-il en Tunisie?<\/strong><br \/>Nous expliquons sur notre <a href=\"https:\/\/www.youtube.com\/channel\/UCRzypVq0B_yBad5eGrwBx0Q?sub_confirmation=1\" target=\"_blank\" rel=\"noopener\">cha\u00eene YouTube<\/a> . <a href=\"https:\/\/www.youtube.com\/channel\/UCRzypVq0B_yBad5eGrwBx0Q?sub_confirmation=1\" target=\"_blank\" rel=\"noopener\">Abonnez-vous!<\/a><\/p>\n<div class=\"mvp-org-wrap\" itemprop=\"publisher\" itemscope=\"itemscope\" itemtype=\"https:\/\/schema.org\/Organization\">\n<div class=\"mvp-org-logo\" itemprop=\"logo\" itemscope=\"itemscope\" itemtype=\"https:\/\/schema.org\/ImageObject\"><img decoding=\"async\" src=\"https:\/\/sport.tunisienumerique.com\/wp-content\/uploads\/2021\/04\/logo_tunisie_numerique-2.png\"\/><br \/>\n<meta itemprop=\"url\" content=\"https:\/\/sport.tunisienumerique.com\/wp-content\/uploads\/2021\/04\/logo_tunisie_numerique-2.png\"\/><\/div>\n<p><meta itemprop=\"name\" content=\"Sport By TN\"\/><\/div>\n<div class=\"mvp-related-posts left relative\">\n<h4 class=\"post-header\"><span class=\"post-header\">Lire aussi<\/span><\/h4>\n<\/div>\n<div id=\"article-ad\">\n <ins class=\"adsbygoogle c8\" data-ad-client=\"ca-pub-2102118777505746\" data-ad-slot=\"6513972734\" data-ad-format=\"auto\" data-full-width-responsive=\"true\"\/>\n<\/div>\n<\/div>\n<div id=\"post-sidebar-wrap\">\n <ins class=\"adsbygoogle c8\" data-ad-client=\"ca-pub-2102118777505746\" data-ad-slot=\"6513972734\" data-ad-format=\"auto\" data-full-width-responsive=\"true\"\/>\n<\/div>\n<p>Auteur:<br \/>\n<a href=\"https:\/\/sport.tunisienumerique.com\/coupe-arabe-des-nations-la-tunisie-dans-le-chapeau-principal\/\">Cliquez ici pour lire l&rsquo;article depuis sa source.<\/a><\/p>\n","protected":false},"excerpt":{"rendered":"<p>By Fakhreddine Ben Malek \u00a0| Il y a 9 secondes \ud83d\udd0a \u00c9coutez l&rsquo;article Comme pr\u00e9vu, La s\u00e9lection tunisienne se trouve dans le chapeau principal en vue du tirage au sort de la Coupe arabe des nations 2021. La FIFA a d\u00e9voil\u00e9 les chapeaux, ce lundi. Comme pr\u00e9vu, La Tunisie est trouv\u00e9e dans le chapeau principal [&hellip;]<\/p>\n","protected":false},"author":1789,"featured_media":0,"comment_status":"closed","ping_status":"closed","sticky":false,"template":"","format":"standard","meta":{"fifu_image_url":"https:\/\/secure.gravatar.com\/avatar\/e08a32c38bbac601a92c63c79d61b38d?s=50&d=mm&r=g","fifu_image_alt":"Coupe arabe des nations : La Tunisie dans le chapeau principal","footnotes":""},"categories":[73,55],"tags":[],"class_list":["post-115646","post","type-post","status-publish","format-standard","hentry","category-actualite","category-tunisie"],"_links":{"self":[{"href":"https:\/\/linitiative.ca\/International\/wp-json\/wp\/v2\/posts\/115646","targetHints":{"allow":["GET"]}}],"collection":[{"href":"https:\/\/linitiative.ca\/International\/wp-json\/wp\/v2\/posts"}],"about":[{"href":"https:\/\/linitiative.ca\/International\/wp-json\/wp\/v2\/types\/post"}],"author":[{"embeddable":true,"href":"https:\/\/linitiative.ca\/International\/wp-json\/wp\/v2\/users\/1789"}],"replies":[{"embeddable":true,"href":"https:\/\/linitiative.ca\/International\/wp-json\/wp\/v2\/comments?post=115646"}],"version-history":[{"count":0,"href":"https:\/\/linitiative.ca\/International\/wp-json\/wp\/v2\/posts\/115646\/revisions"}],"wp:attachment":[{"href":"https:\/\/linitiative.ca\/International\/wp-json\/wp\/v2\/media?parent=115646"}],"wp:term":[{"taxonomy":"category","embeddable":true,"href":"https:\/\/linitiative.ca\/International\/wp-json\/wp\/v2\/categories?post=115646"},{"taxonomy":"post_tag","embeddable":true,"href":"https:\/\/linitiative.ca\/International\/wp-json\/wp\/v2\/tags?post=115646"}],"curies":[{"name":"wp","href":"https:\/\/api.w.org\/{rel}","templated":true}]}}