{"id":115647,"date":"2021-04-26T17:08:33","date_gmt":"2021-04-26T21:08:33","guid":{"rendered":"https:\/\/linitiative.ca\/International\/tunisie-images-jardins-de-carthage-la-mairie-va-finir-par-causer-lirreparable\/"},"modified":"2021-04-26T17:08:33","modified_gmt":"2021-04-26T21:08:33","slug":"tunisie-images-jardins-de-carthage-la-mairie-va-finir-par-causer-lirreparable","status":"publish","type":"post","link":"https:\/\/linitiative.ca\/International\/tunisie-images-jardins-de-carthage-la-mairie-va-finir-par-causer-lirreparable\/","title":{"rendered":"Tunisie \u2013 IMAGES\u00a0: Jardins de Carthage\u00a0: La mairie va finir par causer l\u2019irr\u00e9parable\u00a0!"},"content":{"rendered":"<div class=\"post-cont-in left relative\">\n<div id=\"post-info-wrap\" class=\"left relative post-info-out\">\n<div class=\"post-info-img left relative\"><img decoding=\"async\" alt=\"\" src=\"https:\/\/secure.gravatar.com\/avatar\/047123be9d5e8513774383916ee72db2?s=50&amp;d=mm&amp;r=g\" srcset=\"https:\/\/secure.gravatar.com\/avatar\/047123be9d5e8513774383916ee72db2?s=100&amp;d=mm&amp;r=g 2x\" class=\"avatar avatar-50 photo\" height=\"50\" width=\"50\" loading=\"lazy\"\/><\/div>\n<div class=\"post-info-in\">\n<div class=\"post-info-right left relative post-info-name left relative\"><span><span class=\"post-info-text\">Par<\/span> <span class=\"author-name vcard fn author\"><a href=\"https:\/\/www.tunisienumerique.com\/author\/lm\/\" title=\"Articles par LM\" rel=\"author\">LM<\/a><\/span><\/span> <span class=\"post-date updated\"><time class=\"post-date updated\" datetime=\"2021-04-26\">\u00a0| Il y a 13 secondes<\/time><\/span><br \/>\n<meta itemprop=\"dateModified\" content=\"2021-04-26\"\/><\/div>\n<div class=\"left relative\"><button id=\"listenButton1\" class=\"responsivevoice-button\" type=\"button\" value=\"Play\" title=\"\u00c9coutez l'article\"><span>\ud83d\udd0a \u00c9coutez l&rsquo;article<\/span><\/button>\n<\/div>\n<\/div>\n<\/div>\n<p>La zone des Jardins de Carthage, est une zone r\u00e9sidentielle toute neuve. Elle souffre, pourtant, de trop nombreuses insuffisances. Des insuffisances tr\u00e8s graves qui ne semblent, aucunement, susciter l\u2019int\u00e9r\u00eat des responsables de la Mairie. Mais ces derniers vont, un jour, devoir r\u00e9pondre de leur responsabilit\u00e9 et de leurs d\u00e9faillances, au cas o\u00f9 le pire va arriver. Et tel que \u00e7\u00e0 se pr\u00e9sente, le pire n\u2019est plus tr\u00e8s loin.<\/p>\n<div class=\"code-block code-block-1 c4\">\n <ins class=\"adsbygoogle c3\" data-ad-layout=\"in-article\" data-ad-format=\"fluid\" data-ad-client=\"ca-pub-2102118777505746\" data-ad-slot=\"7301775417\"\/>\n<\/div>\n<p>Les zones pi\u00e9tonnes de ce quartier, pr\u00e9vues pour les promenades des riverains et pour les ballades \u00e0 v\u00e9lo des tous petits, sont truff\u00e9es de pi\u00e8ges, plus graves les uns que les autres.<\/p>\n<p>Outre les poteaux aux c\u00e2bles \u00e9lectriques \u00e0 nu, les autres d\u00e9faillances sur le plan de l\u2019infrastructure sont nombreuses. Et les plus graves sont, sans doute, les bouches d\u2019\u00e9gouts, b\u00e9ants. Ouverts \u00e0 l\u2019air libre, et qui constituent de redoutables pi\u00e8ges, surtout pour les enfants qui se baladent, souvent, dans ces zones, \u00e0 v\u00e9lo. Et, surtout, ces jours-ci, quand ils sont sortis par les parents, pour les soulager un peu des affres du confinement du \u00e0 l\u2019arr\u00eat des cours.<\/p>\n<p>On sait, tr\u00e8s bien, et d\u2019avance, que les servies de la maire vont pr\u00e9tendre que ces bouches d\u2019\u00e9gouts sont remplac\u00e9s et aussit\u00f4t vol\u00e9s de nouveaux par les voleurs de fonte. Mais ce n\u2019est, toujours pas une raison de laisser les choses trainer de la sorte, sans y trouver de solutions radicales. D\u2019autant plus que plusieurs bouches d\u2019\u00e9gout n\u2019ont pas \u00e9t\u00e9 vol\u00e9es, mais sont, tout, b\u00eatement, tomb\u00e9es \u00e0 l\u2019int\u00e9rieur des trous, \u00e0 cause d\u2019une pose d\u00e9fectueuse.<\/p>\n<p>Si le maire ne laisse pas tomber ses fantasmes de dernier cavalier de l\u2019Islam, et ne s\u2019occupe pas de ses administr\u00e9s, il n\u2019\u00e9chappera pas \u00e0 leur col\u00e8re si jamais un malheur survenait. Et il doit, certainement, savoir qu\u2019on ne rigole pas avec le genre de riverains qui r\u00e9sident l\u00e0-bas.<\/p>\n<p><a href=\"https:\/\/www.tunisienumerique.com\/tunisie-images-jardins-de-carthage-la-mairie-va-finir-par-causer-lirreparable\/lac-2-2\/\" rel=\"attachment wp-att-656414\"><img decoding=\"async\" loading=\"lazy\" class=\"aligncenter size-full wp-image-656414\" src=\"https:\/\/www.tunisienumerique.com\/wp-content\/uploads\/2021\/04\/lac-2.jpg\" alt=\"\" width=\"600\" height=\"450\"\/><\/a><\/p>\n<p><a href=\"https:\/\/www.tunisienumerique.com\/tunisie-images-jardins-de-carthage-la-mairie-va-finir-par-causer-lirreparable\/lac-3-2\/\" rel=\"attachment wp-att-656415\"><img decoding=\"async\" loading=\"lazy\" class=\"aligncenter size-full wp-image-656415\" src=\"https:\/\/www.tunisienumerique.com\/wp-content\/uploads\/2021\/04\/lac-3.jpg\" alt=\"\" width=\"600\" height=\"800\"\/><\/a><\/p>\n<p><a href=\"https:\/\/www.tunisienumerique.com\/tunisie-images-jardins-de-carthage-la-mairie-va-finir-par-causer-lirreparable\/lac-4-2\/\" rel=\"attachment wp-att-656416\"><img decoding=\"async\" loading=\"lazy\" class=\"aligncenter size-full wp-image-656416\" src=\"https:\/\/www.tunisienumerique.com\/wp-content\/uploads\/2021\/04\/lac-4.jpg\" alt=\"\" width=\"600\" height=\"800\"\/><\/a><\/p>\n<p><a href=\"https:\/\/www.tunisienumerique.com\/tunisie-images-jardins-de-carthage-la-mairie-va-finir-par-causer-lirreparable\/lac-5-2\/\" rel=\"attachment wp-att-656417\"><img decoding=\"async\" loading=\"lazy\" class=\"aligncenter size-full wp-image-656417\" src=\"https:\/\/www.tunisienumerique.com\/wp-content\/uploads\/2021\/04\/lac-5.jpg\" alt=\"\" width=\"600\" height=\"800\"\/><\/a><\/p>\n<div class=\"swp_social_panel swp_horizontal_panel swp_flat_fresh swp_default_full_color swp_individual_full_color swp_other_full_color scale-100 scale-\" data-min-width=\"1100\" data-float-color=\"#ffffff\" data-float=\"bottom\" data-float-mobile=\"bottom\" data-transition=\"slide\">\n<div class=\"nc_tweetContainer swp_share_button total_shares total_sharesalt\"><span class=\"swp_count\">0 <span class=\"swp_label\">Partages<\/span><\/span><\/div>\n<\/div>\n<p><strong>Que se passe-t-il en Tunisie?<\/strong><br \/>Nous expliquons sur notre <a href=\"https:\/\/www.youtube.com\/channel\/UCRzypVq0B_yBad5eGrwBx0Q?sub_confirmation=1\" target=\"_blank\" rel=\"noopener\">cha\u00eene YouTube<\/a> . <a href=\"https:\/\/www.youtube.com\/channel\/UCRzypVq0B_yBad5eGrwBx0Q?sub_confirmation=1\" target=\"_blank\" rel=\"noopener\">Abonnez-vous!<\/a><\/p>\n<div class=\"mvp-org-wrap\" itemprop=\"publisher\">\n<div class=\"mvp-org-logo\" itemprop=\"logo\"><img decoding=\"async\" src=\"https:\/\/www.tunisienumerique.com\/wp-content\/uploads\/2017\/02\/logo_tunisie_numerique.png\"\/><br \/>\n<meta itemprop=\"url\" content=\"https:\/\/www.tunisienumerique.com\/wp-content\/uploads\/2017\/02\/logo_tunisie_numerique.png\"\/><\/div>\n<p><meta content=\"Tunisie\"\/><\/div>\n<div class=\"mvp-related-posts left relative\">\n<h4 class=\"post-header\"><span class=\"post-header\">Lire aussi<\/span><\/h4>\n<\/div>\n<div id=\"article-ad\">\n <ins class=\"adsbygoogle c5\" data-ad-client=\"ca-pub-2102118777505746\" data-ad-slot=\"6513972734\" data-ad-format=\"auto\" data-full-width-responsive=\"true\"\/>\n<\/div>\n<\/div>\n<div id=\"post-sidebar-wrap\">\n <ins class=\"adsbygoogle c5\" data-ad-client=\"ca-pub-2102118777505746\" data-ad-slot=\"6168283410\" data-ad-format=\"auto\" data-full-width-responsive=\"true\"\/>\n<\/div>\n<p>Auteur: LM<br \/>\n<a href=\"https:\/\/www.tunisienumerique.com\/tunisie-images-jardins-de-carthage-la-mairie-va-finir-par-causer-lirreparable\/\">Cliquez ici pour lire l&rsquo;article depuis sa source.<\/a><\/p>\n","protected":false},"excerpt":{"rendered":"<p>Par LM \u00a0| Il y a 13 secondes \ud83d\udd0a \u00c9coutez l&rsquo;article La zone des Jardins de Carthage, est une zone r\u00e9sidentielle toute neuve. Elle souffre, pourtant, de trop nombreuses insuffisances. Des insuffisances tr\u00e8s graves qui ne semblent, aucunement, susciter l\u2019int\u00e9r\u00eat des responsables de la Mairie. Mais ces derniers vont, un jour, devoir r\u00e9pondre de leur [&hellip;]<\/p>\n","protected":false},"author":1789,"featured_media":0,"comment_status":"closed","ping_status":"closed","sticky":false,"template":"","format":"standard","meta":{"fifu_image_url":"https:\/\/secure.gravatar.com\/avatar\/047123be9d5e8513774383916ee72db2?s=50&d=mm&r=g","fifu_image_alt":"Tunisie \u2013 IMAGES\u00a0: Jardins de Carthage\u00a0: La mairie va finir par causer l\u2019irr\u00e9parable\u00a0!","footnotes":""},"categories":[73,55],"tags":[],"class_list":["post-115647","post","type-post","status-publish","format-standard","hentry","category-actualite","category-tunisie"],"_links":{"self":[{"href":"https:\/\/linitiative.ca\/International\/wp-json\/wp\/v2\/posts\/115647","targetHints":{"allow":["GET"]}}],"collection":[{"href":"https:\/\/linitiative.ca\/International\/wp-json\/wp\/v2\/posts"}],"about":[{"href":"https:\/\/linitiative.ca\/International\/wp-json\/wp\/v2\/types\/post"}],"author":[{"embeddable":true,"href":"https:\/\/linitiative.ca\/International\/wp-json\/wp\/v2\/users\/1789"}],"replies":[{"embeddable":true,"href":"https:\/\/linitiative.ca\/International\/wp-json\/wp\/v2\/comments?post=115647"}],"version-history":[{"count":0,"href":"https:\/\/linitiative.ca\/International\/wp-json\/wp\/v2\/posts\/115647\/revisions"}],"wp:attachment":[{"href":"https:\/\/linitiative.ca\/International\/wp-json\/wp\/v2\/media?parent=115647"}],"wp:term":[{"taxonomy":"category","embeddable":true,"href":"https:\/\/linitiative.ca\/International\/wp-json\/wp\/v2\/categories?post=115647"},{"taxonomy":"post_tag","embeddable":true,"href":"https:\/\/linitiative.ca\/International\/wp-json\/wp\/v2\/tags?post=115647"}],"curies":[{"name":"wp","href":"https:\/\/api.w.org\/{rel}","templated":true}]}}