{"id":115650,"date":"2021-04-26T15:34:45","date_gmt":"2021-04-26T19:34:45","guid":{"rendered":"https:\/\/linitiative.ca\/International\/nomination-dun-premier-ministre-sur-fond-de-manifs-contre-le-cmt-au-tchad\/"},"modified":"2021-04-26T15:34:45","modified_gmt":"2021-04-26T19:34:45","slug":"nomination-dun-premier-ministre-sur-fond-de-manifs-contre-le-cmt-au-tchad","status":"publish","type":"post","link":"https:\/\/linitiative.ca\/International\/nomination-dun-premier-ministre-sur-fond-de-manifs-contre-le-cmt-au-tchad\/","title":{"rendered":"NOMINATION D\u2019UN PREMIER MINISTRE SUR FOND DE MANIFS CONTRE LE CMT AU TCHAD  \u00a0"},"content":{"rendered":"<p class=\"c4\"><em>Une semaine apr\u00e8s le d\u00e9c\u00e8s tragique de son p\u00e8re mortellement bless\u00e9 au front contre les rebelles du Front pour l\u2019alternance et la concorde au Tchad (FACT), Mahamat Idriss Deby, le fils du mar\u00e9chal tchadien, port\u00e9 \u00e0 la t\u00eate de la transition par un quarteron de g\u00e9n\u00e9raux \u00e0 l\u2019initiative de la cr\u00e9ation du Conseil militaire de la Transition (CMT), fait face \u00e0 ses premi\u00e8res manifestations. En effet, au lendemain des obs\u00e8ques du d\u00e9funt chef de l\u2019Etat qui a \u00e9t\u00e9 conduit \u00e0 sa derni\u00e8re demeure le 23 avril dernier, plusieurs organisations de la soci\u00e9t\u00e9 civile et partis politiques de l\u2019opposition appellent \u00e0 des manifestations ce 27 avril 2021, pour pousser la junte \u00e0 revoir sa copie quant \u00e0 la gestion de la transition. L\u2019objectif, \u00e0 d\u00e9faut du respect de l\u2019ordre constitutionnel qui a d\u00e9j\u00e0 \u00e9t\u00e9 bafou\u00e9,\u00a0 est de pousser les militaires \u00e0 une ouverture \u00e0 travers un dialogue inclusif en vue d\u2019un partage de la transition et le transfert, \u00e0 terme, du pouvoir aux civils.\u00a0<\/em> <em>Le moins que l\u2019on puisse dire, c\u2019est qu\u2019apr\u00e8s la disparition brutale de son p\u00e8re, Deby fils n\u2019aura pas eu de p\u00e9riode de gr\u00e2ce.<\/em><\/p>\n<p class=\"c4\"><em>\u00a0<\/em><\/p>\n<p class=\"c6\"><strong><em>On peut comprendre la crainte,\u00a0 pour l\u2019opposition et la soci\u00e9t\u00e9 civile, d\u2019une perp\u00e9tuation du r\u00e9gime D\u00e9by<\/em><\/strong><\/p>\n<p class=\"c6\"><strong><em>\u00a0<\/em><\/strong><\/p>\n<p class=\"c4\"><em>\u00a0<\/em><\/p>\n<p class=\"c4\"><em>Pire, il est d\u00e9j\u00e0 dos au mur, pris qu\u2019il est entre le marteau de la r\u00e9bellion du FACT qui l\u2019a rendu pr\u00e9matur\u00e9ment orphelin et qui est loin de d\u00e9sarmer, et l\u2019enclume du peuple qui peine \u00e0 avaler la couleuvre de d\u00e9volution dynastique du pouvoir. Et pour ne pas arranger les choses, le CMT a rejet\u00e9, dimanche dernier, l\u2019offre de cessez-le-feu et de dialogue des rebelles\u00a0 qualifi\u00e9s de \u00ab\u00a0hors-la-loi\u00a0\u00bb \u00a0qu\u2019il voudrait pouvoir traiter comme tels. C\u2019est dire si en choisissant la ligne dure contre les rebelles du FACT, Deby fils montre une d\u00e9termination \u00e0 nulle autre pareille, \u00e0 ne leur faire aucune concession. Est-ce bien plus pour des raisons de vengeance personnelle que pour des raisons s\u00e9curitaires li\u00e9es \u00e0 la pr\u00e9servation de l\u2019int\u00e9grit\u00e9 territoriale du pays\u00a0comme avanc\u00e9 d\u00e8s le d\u00e9part par les militaires ? Bien malin qui saurait r\u00e9pondre \u00e0 cette question. Toutefois, si le refus de n\u00e9gocier avec les rebelles du FACT, peut relever de la volont\u00e9 de ne pas encourager d\u2019autres r\u00e9bellions au risque d\u2019ouvrir la boite de pandore dans un pays o\u00f9 les r\u00e9bellions naissent comme des champignons, on peut \u00eatre gagn\u00e9 par le scepticisme quant \u00e0 l\u2019efficacit\u00e9 de la potion tant que l\u2019on ne s\u2019attaquera pas v\u00e9ritablement \u00e0 la racine du mal qui est la persistance de la mal gouvernance et de la gestion gab\u00e9gique et n\u00e9potique du pouvoir qui a jusque-l\u00e0 \u00e9t\u00e9 la marque de fabrique des diff\u00e9rents gouvernements qui se sont succ\u00e9d\u00e9 \u00e0 la t\u00eate du Tchad. De ce point de vue, l\u2019on peut comprendre la crainte, \u00a0pour l\u2019opposition et la soci\u00e9t\u00e9 civile, d\u2019une perp\u00e9tuation du r\u00e9gime D\u00e9by, surtout si Deby fils devrait profiter de la Transition pour fourbir ses armes en vue de s\u2019ouvrir un boulevard pour l\u00e9gitimer son pouvoir. C\u2019est pourquoi le vent des manifestations citoyennes et de la contestation civile qui soul\u00e8ve d\u00e9j\u00e0 des vagues de poussi\u00e8re \u00e0 l\u2019horizon, n\u2019augure pas de lendemains calmes pour le Tchad.<\/em><\/p>\n<p class=\"c4\"><em>\u00a0<\/em><\/p>\n<p class=\"c6\"><strong><em>On se demande quelle sera la marge de man\u0153uvre du nouveau PM<\/em><\/strong><\/p>\n<p class=\"c4\"><em>\u00a0<\/em><\/p>\n<p class=\"c4\"><em>\u00a0<\/em><\/p>\n<p class=\"c4\"><em>C\u2019est pourquoi aussi, malgr\u00e9 son jeune \u00e2ge, Deby fils devrait savoir faire preuve de lucidit\u00e9 et de sagesse en ne montrant pas la m\u00eame intransigeance que son p\u00e8re face aux rebelles. Mieux, il gagnerait \u00e0 ouvrir le dialogue avec la soci\u00e9t\u00e9 civile et l\u2019opposition dans une perspective d\u2019apaisement du climat social, pour ne pas ouvrir un autre front qui compliquerait davantage la situation.\u00a0 Est-ce dans cette optique qu\u2019il a proc\u00e9d\u00e9, illico presto, \u00e0 la nomination d\u2019un Premier ministre (PM) de transition en la personne de Albert Pahimi Padack\u00e9\u00a0qui, en plus des fonctions de Premier ministre, assurera le porte-parolat du CMT? Bien malin qui saurait le dire. Mais quoi qu\u2019il en soit, le constat est que les militaires n\u2019ont pas perdu de temps et les choses n\u2019ont pas tra\u00een\u00e9 dans la nomination du chef de l\u2019Ex\u00e9cutif. En attendant la composition de l\u2019\u00e9quipe gouvernementale, on se demande si cette nomination contribuera \u00e0 calmer les ardeurs des contestataires ou si au contraire, elle constituera un autre p\u00f4le de cristallisation de la crise. La question est d\u2019autant plus fond\u00e9e que le nouveau PM, candidat malheureux arriv\u00e9 en deuxi\u00e8me position au scrutin du 11 avril dernier, est un ancien du s\u00e9rail, qui a eu \u00e0 occuper ces m\u00eames fonctions sous D\u00e9by p\u00e8re, de 2016 \u00e0 2018. Cela dit, sa bonne connaissance du milieu politique et des associations de la soci\u00e9t\u00e9 civile, suffira-t-elle \u00e0 obtenir l\u2019adh\u00e9sion des croquants \u00e0 la feuille de route du CMT\u00a0qui est contest\u00e9 dans sa l\u00e9gitimit\u00e9? On attend de voir. Mais une chose est s\u00fbre\u00a0: pour autant qu\u2019il soit accept\u00e9 par tous, Albert Pahimi Padack\u00e9 aura du pain sur la planche. Et l\u2019on se demande quelle sera sa marge de man\u0153uvre dans cet attelage avec une junte militaire qui semble d\u00e9cid\u00e9e \u00e0 s\u2019assumer jusqu\u2019au bout, devant l\u2019histoire.<\/em><\/p>\n<p class=\"c4\"><em>\u00a0<\/em><\/p>\n<p class=\"c6\"><strong><em>\u00ab\u00a0Le Pays\u00a0\u00bb<\/em><\/strong><\/p>\n<p><strong>\u00a0<\/strong><\/p>\n<p><strong>\u00a0<\/strong><\/p>\n<p><strong>\u00a0<\/strong><\/p>\n<p>Auteur: Editions LEPAYS<br \/>\n<a href=\"https:\/\/lepays.bf\/nomination-dun-premier-ministre-sur-fond-de-manifs-contre-le-cmt-au-tchad\/\">Cliquez ici pour lire l&rsquo;article depuis sa source.<\/a><\/p>\n","protected":false},"excerpt":{"rendered":"<p>Une semaine apr\u00e8s le d\u00e9c\u00e8s tragique de son p\u00e8re mortellement bless\u00e9 au front contre les rebelles du Front pour l\u2019alternance et la concorde au Tchad (FACT), Mahamat Idriss Deby, le fils du mar\u00e9chal tchadien, port\u00e9 \u00e0 la t\u00eate de la transition par un quarteron de g\u00e9n\u00e9raux \u00e0 l\u2019initiative de la cr\u00e9ation du Conseil militaire de [&hellip;]<\/p>\n","protected":false},"author":1813,"featured_media":0,"comment_status":"closed","ping_status":"closed","sticky":false,"template":"","format":"standard","meta":{"fifu_image_url":"","fifu_image_alt":"","footnotes":""},"categories":[73,81],"tags":[],"class_list":["post-115650","post","type-post","status-publish","format-standard","hentry","category-actualite","category-burkina-faso"],"_links":{"self":[{"href":"https:\/\/linitiative.ca\/International\/wp-json\/wp\/v2\/posts\/115650","targetHints":{"allow":["GET"]}}],"collection":[{"href":"https:\/\/linitiative.ca\/International\/wp-json\/wp\/v2\/posts"}],"about":[{"href":"https:\/\/linitiative.ca\/International\/wp-json\/wp\/v2\/types\/post"}],"author":[{"embeddable":true,"href":"https:\/\/linitiative.ca\/International\/wp-json\/wp\/v2\/users\/1813"}],"replies":[{"embeddable":true,"href":"https:\/\/linitiative.ca\/International\/wp-json\/wp\/v2\/comments?post=115650"}],"version-history":[{"count":0,"href":"https:\/\/linitiative.ca\/International\/wp-json\/wp\/v2\/posts\/115650\/revisions"}],"wp:attachment":[{"href":"https:\/\/linitiative.ca\/International\/wp-json\/wp\/v2\/media?parent=115650"}],"wp:term":[{"taxonomy":"category","embeddable":true,"href":"https:\/\/linitiative.ca\/International\/wp-json\/wp\/v2\/categories?post=115650"},{"taxonomy":"post_tag","embeddable":true,"href":"https:\/\/linitiative.ca\/International\/wp-json\/wp\/v2\/tags?post=115650"}],"curies":[{"name":"wp","href":"https:\/\/api.w.org\/{rel}","templated":true}]}}