{"id":115651,"date":"2021-04-26T15:43:02","date_gmt":"2021-04-26T19:43:02","guid":{"rendered":"https:\/\/linitiative.ca\/International\/investiture-du-premier-ministre-congolais\/"},"modified":"2021-04-26T15:43:02","modified_gmt":"2021-04-26T19:43:02","slug":"investiture-du-premier-ministre-congolais","status":"publish","type":"post","link":"https:\/\/linitiative.ca\/International\/investiture-du-premier-ministre-congolais\/","title":{"rendered":"INVESTITURE DU PREMIER MINISTRE CONGOLAIS"},"content":{"rendered":"<p class=\"c4\"><em>Plus de deux mois apr\u00e8s sa nomination \u00e0 la primature et plus de deux semaines apr\u00e8s l\u2019annonce de la composition des membres de son \u00e9quipe gouvernementale, le Premier ministre congolais \u00e9tait, le 26 avril dernier, devant le Palais du peuple. Il s\u2019agissait pour Jean-Michel Sama Lukond\u00e9, puisque c\u2019est de lui qu\u2019il s\u2019agit, de pr\u00e9senter son programme aux \u00e9lus du peuple et esp\u00e9rer\u00a0 ainsi obtenir leur onction. Car, la D\u00e9claration de politique g\u00e9n\u00e9rale (DPG), ainsi qu\u2019on appelle cet exercice constitutionnel, est g\u00e9n\u00e9ralement suivie de vote \u00e0 l\u2019issue duquel le Premier ministre et son gouvernement ont carte blanche. Pour une formalit\u00e9 donc, c\u2019en \u00e9tait une pour le Premier ministre congolais d\u2019autant que l\u2019Union sacr\u00e9e, du nom de la nouvelle majorit\u00e9 form\u00e9e autour du pr\u00e9sident F\u00e9lix Tshis\u00e9kedi \u00e0 l\u2019issue de son divorce d\u2019avec l\u2019ex-pr\u00e9sident Joseph Kabila, compte au bas mot, pr\u00e8s de 400 d\u00e9put\u00e9s. Mais, l\u2019exercice \u00e9tait tout de m\u00eame risqu\u00e9 pour Jean-Michel Sama Lukond\u00e9 quand on sait que la formation de son gouvernement avait provoqu\u00e9 des frictions au sein des alli\u00e9s au pouvoir, notamment sur la r\u00e9partition des postes entre forces politiques.\u00a0 Au point que le chef de l\u2019Etat, redoutant un vote de d\u00e9fiance \u00e0 l\u2019encontre de son chef de gouvernement de la part des m\u00e9contents, avait tent\u00e9 de jouer la carte de l\u2019apaisement en rassurant les uns et les autres. Maintenant qu\u2019il a re\u00e7u le feu vert du Palais du peuple, Jean-Michel Sama Lukond\u00e9 se doit d\u2019aller au charbon. Car, de sa capacit\u00e9 \u00e0 r\u00e9pondre aux nombreuses attentes des Congolais, d\u00e9pendra la r\u00e9\u00e9lection de son mentor F\u00e9lix Tshis\u00e9kedi qui ne fait pas myst\u00e8re de sa volont\u00e9 de briguer un second mandat, comme l\u2019y autorise la Constitution de son pays. Pour cela, le successeur de Sylvestre Ilunga Ilunkamba a deux d\u00e9fis majeurs \u00e0 relever.<\/em><\/p>\n<p class=\"c4\"><em>\u00a0<\/em><\/p>\n<p class=\"c6\"><strong><em>Tel un ma\u00e7on, il sera jug\u00e9 au pied du mur<\/em><\/strong><\/p>\n<p class=\"c4\"><em>\u00a0<\/em><\/p>\n<p class=\"c4\"><em>Le premier consistera \u00e0 ramener la s\u00e9curit\u00e9 dans le pays en luttant efficacement contre les diff\u00e9rents groupes arm\u00e9s qui y s\u00e8ment la mort et la d\u00e9solation \u00e0 travers des incursions r\u00e9p\u00e9t\u00e9es. Le cas de la partie orientale du pays est tr\u00e8s \u00e9difiant,\u00a0 o\u00f9 la population vit la peur au ventre, ne sachant plus \u00e0 quel\u00a0 groupe arm\u00e9 se vouer. Pour gagner donc la bataille contre les diff\u00e9rents groupes rebelles, le chef du gouvernement doit mettre un point d\u2019honneur \u00e0 donner les moyens cons\u00e9quents \u00e0 l\u2019arm\u00e9e et \u00e0 la police qui se plaignent constamment de manque d\u2019\u00e9quipements ad\u00e9quats face \u00e0 des adversaires lourdement arm\u00e9s et visiblement bien entra\u00een\u00e9s. Le second d\u00e9fi et non des moindres que doit travailler \u00e0 relever Jean-Michel Sama Lukond\u00e9, est l\u2019am\u00e9lioration du quotidien des Congolais dont on sait que pr\u00e8s de \u00be d\u2019entre eux vivent au-dessous du seuil de pauvret\u00e9. Tant et si bien qu\u2019ils n\u2019arrivent m\u00eame pas \u00e0 s\u2019offrir un repas par jour. Le m\u00e9canisme de r\u00e9partition des recettes dans les provinces d\u00e9favoris\u00e9es, dont parle le Premier ministre dans son programme,\u00a0\u00a0\u00a0\u00a0\u00a0\u00a0\u00a0\u00a0\u00a0\u00a0 pourrait grandement y contribuer, s\u2019il se donne les moyens de sa mise en \u0153uvre effective. En tout cas, une chose est s\u00fbre. Apr\u00e8s son divorce d\u2019avec l\u2019alli\u00e9 d\u2019hier qu\u2019est Kabila, le r\u00e9gime Tshis\u00e9kedi n\u2019a plus d\u2019excuse. Car, tel un ma\u00e7on, il sera jug\u00e9 au pied du mur.<\/em><\/p>\n<p class=\"c4\"><em>\u00a0<\/em><\/p>\n<p class=\"c6\"><strong><em>B.O<\/em><\/strong><\/p>\n<p>Auteur: Editions LEPAYS<br \/>\n<a href=\"https:\/\/lepays.bf\/investiture-du-premier-ministre-congolais\/\">Cliquez ici pour lire l&rsquo;article depuis sa source.<\/a><\/p>\n","protected":false},"excerpt":{"rendered":"<p>Plus de deux mois apr\u00e8s sa nomination \u00e0 la primature et plus de deux semaines apr\u00e8s l\u2019annonce de la composition des membres de son \u00e9quipe gouvernementale, le Premier ministre congolais \u00e9tait, le 26 avril dernier, devant le Palais du peuple. Il s\u2019agissait pour Jean-Michel Sama Lukond\u00e9, puisque c\u2019est de lui qu\u2019il s\u2019agit, de pr\u00e9senter son [&hellip;]<\/p>\n","protected":false},"author":1813,"featured_media":0,"comment_status":"closed","ping_status":"closed","sticky":false,"template":"","format":"standard","meta":{"fifu_image_url":"","fifu_image_alt":"","footnotes":""},"categories":[73,81],"tags":[],"class_list":["post-115651","post","type-post","status-publish","format-standard","hentry","category-actualite","category-burkina-faso"],"_links":{"self":[{"href":"https:\/\/linitiative.ca\/International\/wp-json\/wp\/v2\/posts\/115651","targetHints":{"allow":["GET"]}}],"collection":[{"href":"https:\/\/linitiative.ca\/International\/wp-json\/wp\/v2\/posts"}],"about":[{"href":"https:\/\/linitiative.ca\/International\/wp-json\/wp\/v2\/types\/post"}],"author":[{"embeddable":true,"href":"https:\/\/linitiative.ca\/International\/wp-json\/wp\/v2\/users\/1813"}],"replies":[{"embeddable":true,"href":"https:\/\/linitiative.ca\/International\/wp-json\/wp\/v2\/comments?post=115651"}],"version-history":[{"count":0,"href":"https:\/\/linitiative.ca\/International\/wp-json\/wp\/v2\/posts\/115651\/revisions"}],"wp:attachment":[{"href":"https:\/\/linitiative.ca\/International\/wp-json\/wp\/v2\/media?parent=115651"}],"wp:term":[{"taxonomy":"category","embeddable":true,"href":"https:\/\/linitiative.ca\/International\/wp-json\/wp\/v2\/categories?post=115651"},{"taxonomy":"post_tag","embeddable":true,"href":"https:\/\/linitiative.ca\/International\/wp-json\/wp\/v2\/tags?post=115651"}],"curies":[{"name":"wp","href":"https:\/\/api.w.org\/{rel}","templated":true}]}}