{"id":115655,"date":"2021-04-26T17:01:43","date_gmt":"2021-04-26T21:01:43","guid":{"rendered":"https:\/\/linitiative.ca\/International\/attaques-terroristes-en-cote-divoire-il-ne-sagit-guere-dun-epiphenomene\/"},"modified":"2021-04-26T17:01:43","modified_gmt":"2021-04-26T21:01:43","slug":"attaques-terroristes-en-cote-divoire-il-ne-sagit-guere-dun-epiphenomene","status":"publish","type":"post","link":"https:\/\/linitiative.ca\/International\/attaques-terroristes-en-cote-divoire-il-ne-sagit-guere-dun-epiphenomene\/","title":{"rendered":"Attaques terroristes en C\u00f4te d\u2019Ivoire  : il ne s\u2019agit gu\u00e8re d\u2019un \u00e9piph\u00e9nom\u00e8ne\u2026"},"content":{"rendered":"<div class=\"td-post-featured-image\"><a href=\"https:\/\/www.sidwaya.info\/wp-content\/uploads\/2021\/04\/1-68.jpg\" data-caption=\"\"><img loading=\"lazy\" decoding=\"async\" width=\"595\" height=\"418\" class=\"entry-thumb td-modal-image\" src=\"https:\/\/www.sidwaya.info\/wp-content\/uploads\/2021\/04\/1-68.jpg\" srcset=\"https:\/\/www.sidwaya.info\/wp-content\/uploads\/2021\/04\/1-68.jpg 595w, https:\/\/www.sidwaya.info\/wp-content\/uploads\/2021\/04\/1-68-300x211.jpg 300w, https:\/\/www.sidwaya.info\/wp-content\/uploads\/2021\/04\/1-68-150x105.jpg 150w, https:\/\/www.sidwaya.info\/wp-content\/uploads\/2021\/04\/1-68-100x70.jpg 100w\" sizes=\"auto, (max-width: 595px) 100vw, 595px\" alt=\"\" title=\"1\"\/><\/a><\/div>\n<p><strong>C\u2019est un v\u00e9ritable coup de semonce. En attaquant la C\u00f4te d\u2019Ivoire et le B\u00e9nin, les terroristes affichent clairement leurs ambitions. Etendre leurs tentacules jusqu\u2019en Golfe de Guin\u00e9e pour s\u2019offrir davantage d\u2019opportunit\u00e9s.<\/strong><br \/><strong>La dynamique expansionniste est en marche. Les \u00c9tats concern\u00e9s doivent entreprendre des actions \u00e9nergiques. Toute inaction ou laxisme n\u2019apportera que l\u2019eau au moulin des groupes terroristes.<\/strong><\/p>\n<p>L\u2019alerte avait \u00e9t\u00e9 lanc\u00e9e d\u00e9but f\u00e9vrier. Bernard Emi\u00e9, patron du renseignement ext\u00e9rieur fran\u00e7ais \u00e9voquait un \u00ab projet d\u2019expansion \u00bb d\u2019AQMI vers le golfe de Guin\u00e9e, en particulier la C\u00f4te d\u2019Ivoire et le B\u00e9nin. Aussit\u00f4t dit, aussit\u00f4t fait pourrait-on dire. En effet, dans la nuit du dimanche 28 au lundi 29 mars, deux attaques visant des forces de d\u00e9fense dans le Nord ont eu lieu \u00e0 intervalles tr\u00e8s courts. La premi\u00e8re attaque a \u00e9t\u00e9 men\u00e9e \u00e0 Kafolo entre minuit et une heure du matin dans la nuit de dimanche \u00e0 lundi. Selon l\u2019arm\u00e9e, elle aurait \u00e9t\u00e9 perp\u00e9tr\u00e9e par une soixantaine de terroristes lourdement arm\u00e9s. Presque simultan\u00e9ment, la deuxi\u00e8me attaque est survenue \u00e0 Kolobougou, situ\u00e9 \u00e0 60 km au nord-ouest du d\u00e9partement de Tehini faisant fronti\u00e8re avec le Burkina Faso.<\/p>\n<p><strong>Un gendarme y a \u00e9t\u00e9 tu\u00e9.<\/strong><\/p>\n<p>Dans la nuit du 10 au 11 juin 2020, une attaque contre l\u2019arm\u00e9e ivoirienne s\u2019\u00e9tait produite \u00e0 Kafolo, dans laquelle 14 soldats avaient \u00e9t\u00e9 tu\u00e9s. Cette attaque n\u2019avait pas \u00e9t\u00e9 revendiqu\u00e9e. La C\u00f4te d\u2019Ivoire avait \u00e9t\u00e9 frapp\u00e9e une premi\u00e8re fois par une attaque terroriste en mars 2016, dans la ville baln\u00e9aire de Grand-Bassam, pr\u00e8s d\u2019Abidjan. Des assaillants avaient ouvert le feu sur la plage et des h\u00f4tels, faisant 19 morts. outre l\u2019attaque de Grand-Bassam en mars 2016, la n\u00e9buleuse terroriste avait enlev\u00e9 des touristes fran\u00e7ais dans le nord du B\u00e9nin apr\u00e8s avoir assassin\u00e9 leur guide, en mai 2019. Du c\u00f4t\u00e9 ivoirien, le doigt accusateur est point\u00e9 contre le pr\u00e9dicateur radical Amadou Koufa, chef de la katiba de Macina implant\u00e9 dans le centre du Mali et appartenant au Groupe de soutien \u00e0 l\u2019islam et aux musulmans (GSIM), principale alliance du Sahel affili\u00e9e \u00e0 Al-Qa\u00efda. L\u2019an dernier, il a appel\u00e9 tous les \u00ab Peuls \u00bb, et notamment ceux de C\u00f4te d\u2019Ivoire, \u00e0 rejoindre son groupe.<\/p>\n<p><strong>Le ver est dans le fruit\u2026<\/strong><\/p>\n<p>Selon International Crisis Group, la contagion de la crise sah\u00e9lienne au Burkina Faso repr\u00e9sente un facteur potentiel de r\u00e9gionalisation de la violence car elle facilite consid\u00e9rablement la progression des groupes arm\u00e9s vers le sud c\u00f4tier. Le Burkina occupe, en effet, une position g\u00e9ographique centrale en Afrique de l\u2019Ouest. Partageant des fronti\u00e8res avec le Ghana, la C\u00f4te d\u2019Ivoire, le B\u00e9nin et le Togo, le pays fait la jonction entre le Sahel et le Golfe de Guin\u00e9e. Sa relation avec ses quatre voisins m\u00e9ridionaux est aussi ancr\u00e9e dans l\u2019histoire, la d\u00e9mographie, l\u2019\u00e9conomie et la politique. Le Burkina constituait un rempart, un verrou pour les pays du Golfe de Guin\u00e9e. Mais les terroristes ont r\u00e9ussi \u00e0 s\u2019 y implanter. Ils peuvent ainsi mieux se projeter vers le sud c\u00f4tier et b\u00e9n\u00e9ficier, pour ce faire, de l\u2019appui de r\u00e9seaux humains, religieux, routiers, commerciaux et criminels tr\u00e8s denses et \u00e9tablis de longue date. Les groupes arm\u00e9s terroristes trouvent par exemple dans les nombreuses mines d\u2019or artisanales du Burkina une source de financement potentielle. Ces sites sont reli\u00e9s aux pays c\u00f4tiers, principale voie de commercialisation de leur production. Dans les sites aurif\u00e8res, artisanaux ou industriels, des pays du Golfe de Guin\u00e9e, ces groupes peuvent notamment se procurer des d\u00e9tonateurs pour leurs bombes artisanales. Il ne faut donc point se faire d\u2019illusions.<\/p>\n<p>Le ver est dans le fruit avec ces incessantes attaques terroristes. En r\u00e9alit\u00e9, les terroristes sont dans une logique d\u2019extension et de conqu\u00eate territoriale. Pour ces groupes, l\u2019ouverture de nouveaux fronts m\u00e9ridionaux dans le Nord des pays c\u00f4tiers offre bien des avantages. Prolongement du Sahel, ces zones frontali\u00e8res ont d\u2019abord un int\u00e9r\u00eat pratique, pouvant servir de base arri\u00e8re pour le repos et la logistique. L\u2019extension et la dispersion g\u00e9ographique des attaques permettent par ailleurs aux groupes terroristes de mettre les forces r\u00e9gionales et internationales \u00e0 l\u2019\u00e9preuve en les poussant \u00e0 s\u2019\u00e9parpiller. Cela s\u2019inscrit dans la strat\u00e9gie de d\u00e9concentration qu\u2019ils ont adopt\u00e9e en 2013, lorsque l\u2019op\u00e9ration fran\u00e7aise Serval les a chass\u00e9s des villes maliennes qu\u2019ils occupaient. Ils ont, depuis lors, cherch\u00e9 \u00e0 investir les espaces ruraux abandonn\u00e9s par les \u00c9tats et fragilis\u00e9s par les tensions locales, en particulier ceux situ\u00e9s dans les zones frontali\u00e8res. La pouss\u00e9e actuelle vers le golfe de Guin\u00e9e semble s\u2019inscrire dans le prolongement de ce mouvement de dispersion de l\u2019ennemi et de pression sur des espaces frontaliers fragiles. Une tendance g\u00e9n\u00e9rale se dessine depuis plusieurs ann\u00e9es au niveau du golfe de Guin\u00e9e : le foss\u00e9 se creuse entre les zones septentrionales et l\u2019\u00c9tat central, tandis que le littoral, au Sud, tend \u00e0 aimanter l\u2019essentiel du d\u00e9veloppement et de la modernit\u00e9 \u00e9conomique. Ce ph\u00e9nom\u00e8ne est par exemple flagrant au Ghana. Environ un quart de la population de ce pays vit sous le seuil de pauvret\u00e9. Mais la pauvret\u00e9 touche 70% de la population au Nord, en d\u00e9pit des efforts entrepris par l\u2019\u00c9tat ghan\u00e9en. Selon la Banque mondiale, la situation est similaire en C\u00f4te d\u2019Ivoire, o\u00f9 \u00ab le Nord et le Nord-Ouest du pays sont plus pauvres (plus de 60%) que le littoral et le Sud-Ouest (moins de 40% \u00bb.<\/p>\n<p><strong>Repenser la strat\u00e9gie de riposte r\u00e9gionale<\/strong><\/p>\n<p>L\u2019existence dans les pays du golfe de Guin\u00e9e de p\u00e9riph\u00e9ries d\u00e9laiss\u00e9es par l\u2019\u00c9tat, \u00e0 proximit\u00e9 imm\u00e9diate d\u2019une r\u00e9gion sah\u00e9lienne en crise, est particuli\u00e8rement pr\u00e9occupante. Au Sahel central, la rupture avec l\u2019\u00c9tat a constitu\u00e9 un facteur d\u00e9terminant dans le basculement de certaines r\u00e9gions p\u00e9riph\u00e9riques dans la violence.<\/p>\n<p>A l\u2019image de ce qui se passe de l\u2019autre c\u00f4t\u00e9 de la fronti\u00e8re, au Burkina, au Mali et au Niger, de nombreuses zones du Nord des pays du golfe de Guin\u00e9e connaissent aussi des probl\u00e8mes d\u2019acc\u00e8s aux ressources naturelles, g\u00e9n\u00e9rateurs de conflits entre pasteurs et \u00e9leveurs, qui ont largement contribu\u00e9 \u00e0 la mont\u00e9e des p\u00e9rils au centre du Mali et au Nord du Burkina Faso.<\/p>\n<p>Les attaques terroristes dans le nord de la C\u00f4te d\u2019Ivoire sont un signal fort aux pays c\u00f4tiers, qui doivent de plus en plus prendre au s\u00e9rieux la menace. Le Togo, le B\u00e9nin, le Ghana, la Guin\u00e9e, la C\u00f4te d\u2019Ivoire doivent \u00eatre vigilants et se pr\u00e9parer \u00e0 une longue guerre en renfor\u00e7ant la coop\u00e9ration militaire au niveau de tous les pays de cette r\u00e9gion. Mais la r\u00e9ponse militaire ne suffira pas \u00e0 venir \u00e0 bout de la menace terroriste. Du reste, faute d\u2019englober l\u2019Afrique de l\u2019Ouest dans son ensemble, la force du G5 Sahel, qui r\u00e9unit des troupes du Burkina Faso, du Mali, de la Mauritanie, du Niger et du Tchad, semble inad\u00e9quate pour r\u00e9pondre aux risques de contagion r\u00e9gionale de la violence terroriste. Le G5 Sahel s\u2019est b\u00e2ti sur le constat que celle-ci suivait une expansion horizontale, traversant le Sahel occidental d\u2019est en ouest. La possibilit\u00e9 d\u2019une expansion verticale de la crise n\u2019a pas \u00e9t\u00e9 assez prise en compte. Les diff\u00e9rents pays doivent travailler sur des projets de lutte contre la radicalisation, contre les in\u00e9galit\u00e9s et les injustices sociales, pour impliquer les populations locales dans la gestion de cette crise.<\/p>\n<p>Les \u00c9tats c\u00f4tiers de l\u2019Afrique de l\u2019Ouest doivent \u00e9galement s\u2019attaquer aux vuln\u00e9rabilit\u00e9s qui permettent aux groupes terroristes de fonctionner. Des efforts sont n\u00e9cessaires pour mieux contr\u00f4ler les transferts de fonds entre les pays, renforcer le contr\u00f4le et la surveillance des fronti\u00e8res, am\u00e9liorer la collecte et l\u2019analyse de renseignements et s\u2019assurer la collaboration des communaut\u00e9s vivant dans les zones frontali\u00e8res. Le d\u00e9mant\u00e8lement des cha\u00eenes d\u2019approvisionnement pourrait donner lieu \u00e0 de nouvelles attaques. Les groupes extr\u00e9mistes pourraient recourir \u00e0 la violence pour prot\u00e9ger des cachettes et s\u00e9curiser les voies de ravitaillement en s\u2019attaquant \u00e0 des postes frontaliers, qu\u2019ils consid\u00e8rent comme des obstacles \u00e0 leur approvisionnement en mat\u00e9riel. Ainsi, afin d\u2019obtenir le soutien des communaut\u00e9s locales, les strat\u00e9gies visant \u00e0 d\u00e9stabiliser les activit\u00e9s de ces groupes ne doivent pas se faire au d\u00e9triment des moyens de subsistance des individus et des populations qui d\u00e9pendent du commerce transfrontalier.<\/p>\n<p class=\"c1\"><strong>J\u00e9r\u00e9mie Yisso BATIONO<\/strong><br \/><strong>Enseignant chercheur<\/strong><br \/><strong>Ouagadougou<\/strong><\/p>\n<div class=\"td-a-rec td-a-rec-id-content_bottom tdi_33_f20 td_block_template_1\">\n<p><img loading=\"lazy\" decoding=\"async\" class=\"aligncenter size-full wp-image-27454\" src=\"https:\/\/www.sidwaya.info\/wp-content\/uploads\/2020\/10\/PUB-Bandeau-paiement-mobile-siteweb.jpg\" alt=\"\" width=\"728\" height=\"90\"\/><\/div>\n<p>Auteur: BM. Sidwaya<br \/>\n<a href=\"https:\/\/www.sidwaya.info\/blog\/2021\/04\/26\/attaques-terroristes-en-cote-divoire-il-ne-sagit-guere-dun-epiphenomene\/\">Cliquez ici pour lire l&rsquo;article depuis sa source.<\/a><\/p>\n","protected":false},"excerpt":{"rendered":"<p>C\u2019est un v\u00e9ritable coup de semonce. En attaquant la C\u00f4te d\u2019Ivoire et le B\u00e9nin, les terroristes affichent clairement leurs ambitions. Etendre leurs tentacules jusqu\u2019en Golfe de Guin\u00e9e pour s\u2019offrir davantage d\u2019opportunit\u00e9s.La dynamique expansionniste est en marche. Les \u00c9tats concern\u00e9s doivent entreprendre des actions \u00e9nergiques. Toute inaction ou laxisme n\u2019apportera que l\u2019eau au moulin des groupes [&hellip;]<\/p>\n","protected":false},"author":1816,"featured_media":0,"comment_status":"closed","ping_status":"closed","sticky":false,"template":"","format":"standard","meta":{"fifu_image_url":"https:\/\/www.sidwaya.info\/wp-content\/uploads\/2021\/04\/1-68.jpg","fifu_image_alt":"Attaques terroristes en C\u00f4te d\u2019Ivoire  : il ne s\u2019agit gu\u00e8re d\u2019un \u00e9piph\u00e9nom\u00e8ne\u2026","footnotes":""},"categories":[73,81],"tags":[],"class_list":["post-115655","post","type-post","status-publish","format-standard","hentry","category-actualite","category-burkina-faso"],"_links":{"self":[{"href":"https:\/\/linitiative.ca\/International\/wp-json\/wp\/v2\/posts\/115655","targetHints":{"allow":["GET"]}}],"collection":[{"href":"https:\/\/linitiative.ca\/International\/wp-json\/wp\/v2\/posts"}],"about":[{"href":"https:\/\/linitiative.ca\/International\/wp-json\/wp\/v2\/types\/post"}],"author":[{"embeddable":true,"href":"https:\/\/linitiative.ca\/International\/wp-json\/wp\/v2\/users\/1816"}],"replies":[{"embeddable":true,"href":"https:\/\/linitiative.ca\/International\/wp-json\/wp\/v2\/comments?post=115655"}],"version-history":[{"count":0,"href":"https:\/\/linitiative.ca\/International\/wp-json\/wp\/v2\/posts\/115655\/revisions"}],"wp:attachment":[{"href":"https:\/\/linitiative.ca\/International\/wp-json\/wp\/v2\/media?parent=115655"}],"wp:term":[{"taxonomy":"category","embeddable":true,"href":"https:\/\/linitiative.ca\/International\/wp-json\/wp\/v2\/categories?post=115655"},{"taxonomy":"post_tag","embeddable":true,"href":"https:\/\/linitiative.ca\/International\/wp-json\/wp\/v2\/tags?post=115655"}],"curies":[{"name":"wp","href":"https:\/\/api.w.org\/{rel}","templated":true}]}}