{"id":115656,"date":"2021-04-26T17:06:11","date_gmt":"2021-04-26T21:06:11","guid":{"rendered":"https:\/\/linitiative.ca\/International\/mouvement-dhumeur-a-la-mairie-de-ouagadougou-le-conseil-municipal-sexplique\/"},"modified":"2021-04-26T17:06:11","modified_gmt":"2021-04-26T21:06:11","slug":"mouvement-dhumeur-a-la-mairie-de-ouagadougou-le-conseil-municipal-sexplique","status":"publish","type":"post","link":"https:\/\/linitiative.ca\/International\/mouvement-dhumeur-a-la-mairie-de-ouagadougou-le-conseil-municipal-sexplique\/","title":{"rendered":"Mouvement d\u2019humeur \u00e0 la mairie de Ouagadougou : le conseil municipal s\u2019explique"},"content":{"rendered":"<div class=\"td-post-featured-image\"><a href=\"https:\/\/www.sidwaya.info\/wp-content\/uploads\/2021\/04\/1-69.jpg\" data-caption=\"\"><img loading=\"lazy\" decoding=\"async\" width=\"595\" height=\"243\" class=\"entry-thumb td-modal-image\" src=\"https:\/\/www.sidwaya.info\/wp-content\/uploads\/2021\/04\/1-69.jpg\" srcset=\"https:\/\/www.sidwaya.info\/wp-content\/uploads\/2021\/04\/1-69.jpg 595w, https:\/\/www.sidwaya.info\/wp-content\/uploads\/2021\/04\/1-69-300x123.jpg 300w, https:\/\/www.sidwaya.info\/wp-content\/uploads\/2021\/04\/1-69-150x61.jpg 150w\" sizes=\"auto, (max-width: 595px) 100vw, 595px\" alt=\"\" title=\"1\"\/><\/a><\/div>\n<p><strong>L\u2019ex\u00e9cutif municipal de Ouagadougou a tenu une conf\u00e9rence de presse, le lundi 26 avril 2021 dans la capitale afin de livrer sa version sur les r\u00e9cents mouvements d\u2019humeur des man\u0153uvres occasionnels.<\/strong><\/p>\n<p>La mairie de Ouagadougou veut faire la lumi\u00e8re sur les revendications tous azimuts suivies de manifestations de certains collaborateurs de la commune.<br \/>En effet, le lundi 26 avril 2021, le premier adjoint au maire, Moussa B\u00e9lem, \u00e9tait face \u00e0 la presse pour apporter des \u00e9claircissements sur les diff\u00e9rentes manifestations qui ont r\u00e9cemment eu lieu devant l\u2019entr\u00e9e principale de l\u2019h\u00f4tel de ville. Selon lui, les gr\u00e9vistes sont des man\u0153uvres occasionnels auxquels la mairie fait parfois recours pour l\u2019ex\u00e9cution de certaines t\u00e2ches communales. D\u2019apr\u00e8s M. B\u00e9lem, les m\u00e9contents revendiquaient leur int\u00e9gration dans la fonction publique territoriale, la reconstitution de leur carri\u00e8re et leur affiliation \u00e0 une caisse de retraite.<\/p>\n<p>Or, de l\u2019explication du conf\u00e9rencier, les man\u0153uvres occasionnels ne sont en aucun cas des fonctionnaires de la commune, mais plut\u00f4t des prestataires pay\u00e9s \u00e0 la t\u00e2che. \u00ab Ces man\u0153uvres sont pay\u00e9s en fonction de leur travail, apr\u00e8s pointage de leur pr\u00e9sence effective \u00bb, a-t-il indiqu\u00e9. A \u00e9couter le 1er adjoint au maire, c\u2019est depuis le 5 novembre 2020, que ces revendications ont commenc\u00e9, notamment par un arr\u00eat de travail illimit\u00e9. Ensuite, en f\u00e9vrier 2021, la mairie a re\u00e7u une autre lettre l\u2019informant de la volont\u00e9 de ces man\u0153uvres occasionnels de reprendre le travail. Pourquoi la commune ne peut-elle pas int\u00e9grer certains man\u0153uvres au regard de leur anciennet\u00e9 ? A cette question, le premier adjoint au maire a fait savoir que la mairie a une bonne volont\u00e9 de le faire. Mais, \u00e9tant respectueuse des lois et textes r\u00e8glementaires communaux, le conseil municipal \u00ab ne dispose d\u2019aucun moyen juridique pour r\u00e9pondre favorablement \u00e0 la demande des manifestants \u00bb. Il faut rappeler qu\u2019\u00e0 ce jour, ces gr\u00e9vistes revendiquent la reprise de leurs anciennes activit\u00e9s et le paiement de leurs temps d\u2019inactivit\u00e9.<\/p>\n<p class=\"c1\"><strong>Laetitia TRAORE<\/strong><br \/><strong>(Stagiaire)<\/strong><\/p>\n<div class=\"td-a-rec td-a-rec-id-content_bottom tdi_33_022 td_block_template_1\">\n<p><img loading=\"lazy\" decoding=\"async\" class=\"aligncenter size-full wp-image-27454\" src=\"https:\/\/www.sidwaya.info\/wp-content\/uploads\/2020\/10\/PUB-Bandeau-paiement-mobile-siteweb.jpg\" alt=\"\" width=\"728\" height=\"90\"\/><\/div>\n<p>Auteur: BM. Sidwaya<br \/>\n<a href=\"https:\/\/www.sidwaya.info\/blog\/2021\/04\/26\/mouvement-dhumeur-a-la-mairie-de-ouagadougou-le-conseil-municipal-sexplique\/\">Cliquez ici pour lire l&rsquo;article depuis sa source.<\/a><\/p>\n","protected":false},"excerpt":{"rendered":"<p>L\u2019ex\u00e9cutif municipal de Ouagadougou a tenu une conf\u00e9rence de presse, le lundi 26 avril 2021 dans la capitale afin de livrer sa version sur les r\u00e9cents mouvements d\u2019humeur des man\u0153uvres occasionnels. La mairie de Ouagadougou veut faire la lumi\u00e8re sur les revendications tous azimuts suivies de manifestations de certains collaborateurs de la commune.En effet, le [&hellip;]<\/p>\n","protected":false},"author":1816,"featured_media":0,"comment_status":"closed","ping_status":"closed","sticky":false,"template":"","format":"standard","meta":{"fifu_image_url":"https:\/\/www.sidwaya.info\/wp-content\/uploads\/2021\/04\/1-69.jpg","fifu_image_alt":"Mouvement d\u2019humeur \u00e0 la mairie de Ouagadougou : le conseil municipal s\u2019explique","footnotes":""},"categories":[73,81],"tags":[],"class_list":["post-115656","post","type-post","status-publish","format-standard","hentry","category-actualite","category-burkina-faso"],"_links":{"self":[{"href":"https:\/\/linitiative.ca\/International\/wp-json\/wp\/v2\/posts\/115656","targetHints":{"allow":["GET"]}}],"collection":[{"href":"https:\/\/linitiative.ca\/International\/wp-json\/wp\/v2\/posts"}],"about":[{"href":"https:\/\/linitiative.ca\/International\/wp-json\/wp\/v2\/types\/post"}],"author":[{"embeddable":true,"href":"https:\/\/linitiative.ca\/International\/wp-json\/wp\/v2\/users\/1816"}],"replies":[{"embeddable":true,"href":"https:\/\/linitiative.ca\/International\/wp-json\/wp\/v2\/comments?post=115656"}],"version-history":[{"count":0,"href":"https:\/\/linitiative.ca\/International\/wp-json\/wp\/v2\/posts\/115656\/revisions"}],"wp:attachment":[{"href":"https:\/\/linitiative.ca\/International\/wp-json\/wp\/v2\/media?parent=115656"}],"wp:term":[{"taxonomy":"category","embeddable":true,"href":"https:\/\/linitiative.ca\/International\/wp-json\/wp\/v2\/categories?post=115656"},{"taxonomy":"post_tag","embeddable":true,"href":"https:\/\/linitiative.ca\/International\/wp-json\/wp\/v2\/tags?post=115656"}],"curies":[{"name":"wp","href":"https:\/\/api.w.org\/{rel}","templated":true}]}}