{"id":115657,"date":"2021-04-26T11:36:35","date_gmt":"2021-04-26T15:36:35","guid":{"rendered":"https:\/\/linitiative.ca\/International\/ligue-1-le-camerounais-jean-charles-castelletto-relance-le-fc-nantes\/"},"modified":"2021-04-26T11:36:35","modified_gmt":"2021-04-26T15:36:35","slug":"ligue-1-le-camerounais-jean-charles-castelletto-relance-le-fc-nantes","status":"publish","type":"post","link":"https:\/\/linitiative.ca\/International\/ligue-1-le-camerounais-jean-charles-castelletto-relance-le-fc-nantes\/","title":{"rendered":"Ligue 1 : le camerounais Jean Charles Castelletto relance le FC Nantes"},"content":{"rendered":"<div readability=\"32\">\n<p>Publi\u00e9 le 26.04.2021 \u00e0 16h36 par Emile Zola Nd\u00e9 Tchoussi<\/p>\n<\/div>\n<div readability=\"81\">\n<h5 class=\"c9\"><strong>Le FC Nantes a arrach\u00e9 un succ\u00e8s pr\u00e9cieux \u00e0 Strasbourg (2-1), ce dimanche apr\u00e8s-midi<\/strong><strong>, gr\u00e2ce en partie \u00e0 son d\u00e9fenseur camerounais Jean Charles Castelletto. Lors de cette 34\u00e8me journ\u00e9e de Ligue 1, Ignatus Ganago a \u00e9galement contribu\u00e9 \u00e0 la victoire de Lens face \u00e0 N\u00eemes.<\/strong><\/h5>\n<p class=\"c11\">Apr\u00e8s la 34\u00e8me journ\u00e9e de Ligue 1 disput\u00e9e le weekend dernier, le Fc Nantes peut de nouveau esp\u00e9rer \u00eatre barragiste.\u00a0A l\u2019issue d\u2019une premi\u00e8re p\u00e9riode affligeante, les Jaunes, nettement meilleurs apr\u00e8s la pause, ont su relever la t\u00eate gr\u00e2ce \u00e0\u00a0son d\u00e9fenseur camerounais <strong>Jean Charles\u00a0Castelletto<\/strong> et Blas. Mention sp\u00e9ciale aussi \u00e0 Chirivella bien plus entreprenant et \u00e0 Lafont, d\u00e9cisif. Ils sont \u00e0 nouveau barragistes, apr\u00e8s la d\u00e9faite de N\u00eemes \u00e0 Lens.<\/p>\n<p class=\"c11\">Durant cette rencontre, l\u2019international camerounais a fait le travail mais a souvent \u00e9t\u00e9 \u00e0 la limite de la rupture. Sa performance est rehauss\u00e9e par son but, suite \u00e0 un cafouillage sur corner\u00a0: l\u2019ex-brestois a remis les Nantais dans le bon sens d\u2019un coup de t\u00eate, \u00e0 la 53\u00e8me minute.<\/p>\n<p class=\"c11\">Par ailleurs, Lens a obtenu une victoire au courage, ce dimanche \u00e0 Bollaert-Delelis face \u00e0 N\u00eemes (2-1), apr\u00e8s avoir jou\u00e9 plus d\u2019une heure \u00e0 dix contre onze (expulsion d\u2019Issiaga Sylla). L\u2019international camerounais <strong>Ignatus Ganago<\/strong>, enfin de retour avec une titularisation, n\u2019a pas attendu longtemps pour retrouver le chemin des filets. Seul devant, il a \u00e9t\u00e9 dans le dur en seconde p\u00e9riode.\u00a0Esp\u00e9rons qu\u2019il finisse la saison comme il l\u2019avait commenc\u00e9e, et que ses soucis physiques soient derri\u00e8re lui! Il a \u00e9t\u00e9 remplac\u00e9 en de partie par Kalimuendo, qui a redynamis\u00e9 l\u2019\u00e9quipe avec l\u2019aide de Tony Mauricio.<\/p>\n<p class=\"c11\">Dans une rencontre de bas de tableau, Brest s\u2019est impos\u00e9 (1-2) sur la pelouse de l\u2019AS Saint-\u00c9tienne. Le d\u00e9fenseur camerounais <strong>Harold Moukoudi<\/strong> s\u2019est parfois montr\u00e9 f\u00e9brile, notamment sur le deuxi\u00e8me brestois o\u00f9 il s\u2019est fait facilement \u00e9liminer par Charbonnier, auteur de deux buts. A noter que l\u2019autre camerounais de Saint Etienne <strong>Yvan Neyou<\/strong> n\u2019a pas pris part \u00e0 cette rencontre.<\/p>\n<p class=\"c11\">En match de cl\u00f4ture de cette 34<sup>\u00e8me<\/sup>\u00a0\u00e9tape de Ligue 1, \u00a0Au terme d\u2019une partie rocambolesque, les Lillois \u00a0ont finalement tir\u00e9 leur \u00e9pingle du jeu face aux Lyonnais (3-2). Une victoire qui permet aux hommes de Christophe Galtier de s\u2019emparer \u00e0 nouveau du fauteuil de leader du championnat.<\/p>\n<p class=\"c11\"><strong>Karl Toko Ekambi<\/strong>, \u00a0l\u2019international camerounais de Lyon a connu une soir\u00e9e difficile. S\u2019il a \u00e9t\u00e9 pr\u00e9sent dans les derniers m\u00e8tres, il a rarement fait le bon geste pour conclure les actions. Il a \u00e9t\u00e9 remplac\u00e9 \u00e0 la 73<sup>\u00e8me<\/sup>\u00a0par le zimbabw\u00e9en Tino Kadewere.<\/p>\n<\/div>\n<p>Auteur: Christian DJIMADEU<br \/>\n<a href=\"https:\/\/www.journalducameroun.com\/ligue-1-le-camerounais-jean-charles-castelletto-relance-le-fc-nantes-cameroun\/\">Cliquez ici pour lire l&rsquo;article depuis sa source.<\/a><\/p>\n","protected":false},"excerpt":{"rendered":"<p>Publi\u00e9 le 26.04.2021 \u00e0 16h36 par Emile Zola Nd\u00e9 Tchoussi Le FC Nantes a arrach\u00e9 un succ\u00e8s pr\u00e9cieux \u00e0 Strasbourg (2-1), ce dimanche apr\u00e8s-midi, gr\u00e2ce en partie \u00e0 son d\u00e9fenseur camerounais Jean Charles Castelletto. Lors de cette 34\u00e8me journ\u00e9e de Ligue 1, Ignatus Ganago a \u00e9galement contribu\u00e9 \u00e0 la victoire de Lens face \u00e0 N\u00eemes. [&hellip;]<\/p>\n","protected":false},"author":1965,"featured_media":0,"comment_status":"closed","ping_status":"closed","sticky":false,"template":"","format":"standard","meta":{"fifu_image_url":"","fifu_image_alt":"","footnotes":""},"categories":[73,82],"tags":[],"class_list":["post-115657","post","type-post","status-publish","format-standard","hentry","category-actualite","category-cameroun"],"_links":{"self":[{"href":"https:\/\/linitiative.ca\/International\/wp-json\/wp\/v2\/posts\/115657","targetHints":{"allow":["GET"]}}],"collection":[{"href":"https:\/\/linitiative.ca\/International\/wp-json\/wp\/v2\/posts"}],"about":[{"href":"https:\/\/linitiative.ca\/International\/wp-json\/wp\/v2\/types\/post"}],"author":[{"embeddable":true,"href":"https:\/\/linitiative.ca\/International\/wp-json\/wp\/v2\/users\/1965"}],"replies":[{"embeddable":true,"href":"https:\/\/linitiative.ca\/International\/wp-json\/wp\/v2\/comments?post=115657"}],"version-history":[{"count":0,"href":"https:\/\/linitiative.ca\/International\/wp-json\/wp\/v2\/posts\/115657\/revisions"}],"wp:attachment":[{"href":"https:\/\/linitiative.ca\/International\/wp-json\/wp\/v2\/media?parent=115657"}],"wp:term":[{"taxonomy":"category","embeddable":true,"href":"https:\/\/linitiative.ca\/International\/wp-json\/wp\/v2\/categories?post=115657"},{"taxonomy":"post_tag","embeddable":true,"href":"https:\/\/linitiative.ca\/International\/wp-json\/wp\/v2\/tags?post=115657"}],"curies":[{"name":"wp","href":"https:\/\/api.w.org\/{rel}","templated":true}]}}