{"id":115658,"date":"2021-04-26T12:18:01","date_gmt":"2021-04-26T16:18:01","guid":{"rendered":"https:\/\/linitiative.ca\/International\/crise-somalienne-loci-prone-le-dialogue\/"},"modified":"2021-04-26T12:18:01","modified_gmt":"2021-04-26T16:18:01","slug":"crise-somalienne-loci-prone-le-dialogue","status":"publish","type":"post","link":"https:\/\/linitiative.ca\/International\/crise-somalienne-loci-prone-le-dialogue\/","title":{"rendered":"Crise somalienne : l\u2019OCI pr\u00f4ne le dialogue"},"content":{"rendered":"<div readability=\"32\">\n<p>Publi\u00e9 le 26.04.2021 \u00e0 17h18 par APA News<\/p>\n<\/div>\n<div readability=\"63\">\n<p>L\u2019Organisation de la Coop\u00e9ration Islamique (OCI) appelle les Somaliens \u00e0 privil\u00e9gier cette voie pour \u00e9viter l\u2019escalade de la violence.Mogadiscio, la capitale de la Somalie, a \u00e9t\u00e9 le dimanche 25 avril, le th\u00e9\u00e2tre de violents affrontements entre les forces sp\u00e9ciales de l\u2019arm\u00e9e f\u00e9d\u00e9rale et des soldats mutin\u00e9s. La raison de cette fissure est la prolongation de deux ans du mandat pr\u00e9sidentiel de Mohamed Abdullahi Mohamed dit Farmajo.<\/p>\n<p>Celle-ci est jug\u00e9e ill\u00e9gale par l\u2019opposition qui b\u00e9n\u00e9ficie du soutien de mutins issus d\u2019une ancienne milice int\u00e9gr\u00e9e dans l\u2019arm\u00e9e r\u00e9guli\u00e8re. Le mandat du pr\u00e9sident Farmajo a expir\u00e9 le 8 f\u00e9vrier dernier. Mais sans la tenue d\u2019une \u00e9lection, il a promulgu\u00e9 contre l\u2019avis de la communaut\u00e9 internationale une loi pour le prolonger.<\/p>\n<p>Depuis, cet Etat f\u00e9d\u00e9ral vit une crise politique. A travers un communiqu\u00e9 de son Secr\u00e9tariat G\u00e9n\u00e9ral, re\u00e7u ce lundi \u00e0 APA, l\u2019Organisation de la Coop\u00e9ration Islamique (OCI) dit suivre \u00ab avec pr\u00e9occupation la situation \u00bb et exhorte les diff\u00e9rentes parties \u00e0 dialoguer afin de \u00ab parvenir \u00e0 un accord consensuel et global \u00bb.<\/p>\n<p>En outre, cette organisation comptant 57 Etats membres dont la Somalie a r\u00e9affirm\u00e9 sa disposition \u00e0 aider pour que ce pays de l\u2019Afrique de l\u2019Est \u00ab surmonte les difficult\u00e9s endur\u00e9es, (puis) assure sa s\u00e9curit\u00e9, sa stabilit\u00e9 et son unit\u00e9 \u00bb.<\/p>\n<p>A ce jour, il n\u2019y a aucun bilan officiel des heurts entre l\u2019arm\u00e9e f\u00e9d\u00e9rale et les soldats mutin\u00e9s.<\/p>\n<\/div>\n<p>Auteur: APA News<br \/>\n<a href=\"https:\/\/www.journalducameroun.com\/crise-somalienne-loci-prone-le-dialogue\/\">Cliquez ici pour lire l&rsquo;article depuis sa source.<\/a><\/p>\n","protected":false},"excerpt":{"rendered":"<p>Publi\u00e9 le 26.04.2021 \u00e0 17h18 par APA News L\u2019Organisation de la Coop\u00e9ration Islamique (OCI) appelle les Somaliens \u00e0 privil\u00e9gier cette voie pour \u00e9viter l\u2019escalade de la violence.Mogadiscio, la capitale de la Somalie, a \u00e9t\u00e9 le dimanche 25 avril, le th\u00e9\u00e2tre de violents affrontements entre les forces sp\u00e9ciales de l\u2019arm\u00e9e f\u00e9d\u00e9rale et des soldats mutin\u00e9s. La [&hellip;]<\/p>\n","protected":false},"author":1965,"featured_media":0,"comment_status":"closed","ping_status":"closed","sticky":false,"template":"","format":"standard","meta":{"fifu_image_url":"","fifu_image_alt":"","footnotes":""},"categories":[73,82],"tags":[],"class_list":["post-115658","post","type-post","status-publish","format-standard","hentry","category-actualite","category-cameroun"],"_links":{"self":[{"href":"https:\/\/linitiative.ca\/International\/wp-json\/wp\/v2\/posts\/115658","targetHints":{"allow":["GET"]}}],"collection":[{"href":"https:\/\/linitiative.ca\/International\/wp-json\/wp\/v2\/posts"}],"about":[{"href":"https:\/\/linitiative.ca\/International\/wp-json\/wp\/v2\/types\/post"}],"author":[{"embeddable":true,"href":"https:\/\/linitiative.ca\/International\/wp-json\/wp\/v2\/users\/1965"}],"replies":[{"embeddable":true,"href":"https:\/\/linitiative.ca\/International\/wp-json\/wp\/v2\/comments?post=115658"}],"version-history":[{"count":0,"href":"https:\/\/linitiative.ca\/International\/wp-json\/wp\/v2\/posts\/115658\/revisions"}],"wp:attachment":[{"href":"https:\/\/linitiative.ca\/International\/wp-json\/wp\/v2\/media?parent=115658"}],"wp:term":[{"taxonomy":"category","embeddable":true,"href":"https:\/\/linitiative.ca\/International\/wp-json\/wp\/v2\/categories?post=115658"},{"taxonomy":"post_tag","embeddable":true,"href":"https:\/\/linitiative.ca\/International\/wp-json\/wp\/v2\/tags?post=115658"}],"curies":[{"name":"wp","href":"https:\/\/api.w.org\/{rel}","templated":true}]}}