{"id":115659,"date":"2021-04-26T12:52:19","date_gmt":"2021-04-26T16:52:19","guid":{"rendered":"https:\/\/linitiative.ca\/International\/arts-martiaux-mixtes-francis-ngannou-le-champion-du-monde-poids-lourds-est-au-cameroun\/"},"modified":"2021-04-26T12:52:19","modified_gmt":"2021-04-26T16:52:19","slug":"arts-martiaux-mixtes-francis-ngannou-le-champion-du-monde-poids-lourds-est-au-cameroun","status":"publish","type":"post","link":"https:\/\/linitiative.ca\/International\/arts-martiaux-mixtes-francis-ngannou-le-champion-du-monde-poids-lourds-est-au-cameroun\/","title":{"rendered":"Arts martiaux mixtes : Francis Ngannou, le champion du monde poids lourds est au Cameroun"},"content":{"rendered":"<div readability=\"32\">\n<p>Publi\u00e9 le 26.04.2021 \u00e0 17h52 par Christian Djimadeu<\/p>\n<\/div>\n<div readability=\"58\">\n<h5 class=\"c10\"><span class=\"c9\">Le nouvel homme fort de<\/span> l\u2019Ultimate fighting championship (UFC) a \u00e9t\u00e9 re\u00e7u ce 26 avril 2021 par le gouverneur de la r\u00e9gion du Littoral.<\/h5>\n<p>Un mois apr\u00e8s sa ceinture d\u00e9croch\u00e9e gr\u00e2ce \u00e0 un K.O inflig\u00e9 \u00e0 l\u2019am\u00e9ricain \u00a0d\u2019origine croate <strong>Stipe Miocic<\/strong>,\u00a0 le h\u00e9ros du <strong>MMA<\/strong>, cat\u00e9gorie poids lourds, a regagn\u00e9 la terre de ses anc\u00eatres. Il a pr\u00e9sent\u00e9 son laurier ce jour au gouverneur de la r\u00e9gion du littoral.<\/p>\n<p><strong>Samuel Dieudonn\u00e9 Ivaha Diboua<\/strong> et ses collaborateurs \u00e9taient visiblement heureux d\u2019accueillir le \u00ab P<em>r\u00e9dateur<\/em>\u00a0\u00bb, qui a fait flotter haut le drapeau du Cameroun aux Etats-Unis o\u00f9 s\u2018est tenu le combat le 27 mars.<\/p>\n<p><img loading=\"lazy\" decoding=\"async\" class=\"alignnone size-medium wp-image-386893\" src=\"https:\/\/www.journalducameroun.com\/wp-content\/uploads\/2021\/04\/IMG-20210426-WA0016-300x225.jpg\" alt=\"\" width=\"300\" height=\"225\" srcset=\"https:\/\/www.journalducameroun.com\/wp-content\/uploads\/2021\/04\/IMG-20210426-WA0016-300x225.jpg 300w, https:\/\/www.journalducameroun.com\/wp-content\/uploads\/2021\/04\/IMG-20210426-WA0016-587x440.jpg 587w, https:\/\/www.journalducameroun.com\/wp-content\/uploads\/2021\/04\/IMG-20210426-WA0016-600x450.jpg 600w, https:\/\/www.journalducameroun.com\/wp-content\/uploads\/2021\/04\/IMG-20210426-WA0016.jpg 720w\" sizes=\"auto, (max-width: 300px) 100vw, 300px\"\/><img loading=\"lazy\" decoding=\"async\" class=\"alignnone size-medium wp-image-386894\" src=\"https:\/\/www.journalducameroun.com\/wp-content\/uploads\/2021\/04\/IMG-20210426-WA0014-300x225.jpg\" alt=\"\" width=\"300\" height=\"225\" srcset=\"https:\/\/www.journalducameroun.com\/wp-content\/uploads\/2021\/04\/IMG-20210426-WA0014-300x225.jpg 300w, https:\/\/www.journalducameroun.com\/wp-content\/uploads\/2021\/04\/IMG-20210426-WA0014-587x440.jpg 587w, https:\/\/www.journalducameroun.com\/wp-content\/uploads\/2021\/04\/IMG-20210426-WA0014-600x450.jpg 600w, https:\/\/www.journalducameroun.com\/wp-content\/uploads\/2021\/04\/IMG-20210426-WA0014.jpg 720w\" sizes=\"auto, (max-width: 300px) 100vw, 300px\"\/><\/p>\n<p>Apr\u00e8s la r\u00e9ception dans les services du gouverneur, <strong>Francis Ngannou<\/strong> a effectu\u00e9 un tour de la ville de Douala pour pr\u00e9senter sa ceinture au grand public.<\/p>\n<p>Le combat victorieux de Ngannou avait \u00e9t\u00e9 suivi de nombreux camerounais. Les vid\u00e9os de son combat ont fait le buzz sur la toile. Pr\u00e9cis\u00e9ment \u00a0le crochet du gauche avec lequel il\u00a0 envoya\u00a0 son adversaire au tapis d\u00e8s le deuxi\u00e8me round. Si ben que\u00a0 l\u2019arbitre am\u00e9ricain, <strong>Herb Dean<\/strong>, se senti oblig\u00e9 \u00a0d\u2019arr\u00eater le combat apr\u00e8s seulement 52 secondes de lutte.<\/p>\n<p>Des proches du h\u00e9ros camerounais indiquent qu\u2019en dehors de sa communion avec le peuple et les autorit\u00e9s de la R\u00e9publique, Francis Ngannou va profiter de son s\u00e9jour pour superviser \u00a0les travaux de construction des camps de boxe qu\u2019il a lanc\u00e9s au profit de la jeunesse camerounaise.<\/p>\n<\/div>\n<p>Auteur: Christian DJIMADEU<br \/>\n<a href=\"https:\/\/www.journalducameroun.com\/arts-martiaux-mixtes-francis-ngannou-le-champion-du-monde-poids-lourds-est-au-cameroun-cameroun\/\">Cliquez ici pour lire l&rsquo;article depuis sa source.<\/a><\/p>\n","protected":false},"excerpt":{"rendered":"<p>Publi\u00e9 le 26.04.2021 \u00e0 17h52 par Christian Djimadeu Le nouvel homme fort de l\u2019Ultimate fighting championship (UFC) a \u00e9t\u00e9 re\u00e7u ce 26 avril 2021 par le gouverneur de la r\u00e9gion du Littoral. Un mois apr\u00e8s sa ceinture d\u00e9croch\u00e9e gr\u00e2ce \u00e0 un K.O inflig\u00e9 \u00e0 l\u2019am\u00e9ricain \u00a0d\u2019origine croate Stipe Miocic,\u00a0 le h\u00e9ros du MMA, cat\u00e9gorie poids [&hellip;]<\/p>\n","protected":false},"author":1965,"featured_media":0,"comment_status":"closed","ping_status":"closed","sticky":false,"template":"","format":"standard","meta":{"fifu_image_url":"https:\/\/www.journalducameroun.com\/wp-content\/uploads\/2021\/04\/IMG-20210426-WA0016-300x225.jpg","fifu_image_alt":"Arts martiaux mixtes : Francis Ngannou, le champion du monde poids lourds est au Cameroun","footnotes":""},"categories":[73,82],"tags":[],"class_list":["post-115659","post","type-post","status-publish","format-standard","hentry","category-actualite","category-cameroun"],"_links":{"self":[{"href":"https:\/\/linitiative.ca\/International\/wp-json\/wp\/v2\/posts\/115659","targetHints":{"allow":["GET"]}}],"collection":[{"href":"https:\/\/linitiative.ca\/International\/wp-json\/wp\/v2\/posts"}],"about":[{"href":"https:\/\/linitiative.ca\/International\/wp-json\/wp\/v2\/types\/post"}],"author":[{"embeddable":true,"href":"https:\/\/linitiative.ca\/International\/wp-json\/wp\/v2\/users\/1965"}],"replies":[{"embeddable":true,"href":"https:\/\/linitiative.ca\/International\/wp-json\/wp\/v2\/comments?post=115659"}],"version-history":[{"count":0,"href":"https:\/\/linitiative.ca\/International\/wp-json\/wp\/v2\/posts\/115659\/revisions"}],"wp:attachment":[{"href":"https:\/\/linitiative.ca\/International\/wp-json\/wp\/v2\/media?parent=115659"}],"wp:term":[{"taxonomy":"category","embeddable":true,"href":"https:\/\/linitiative.ca\/International\/wp-json\/wp\/v2\/categories?post=115659"},{"taxonomy":"post_tag","embeddable":true,"href":"https:\/\/linitiative.ca\/International\/wp-json\/wp\/v2\/tags?post=115659"}],"curies":[{"name":"wp","href":"https:\/\/api.w.org\/{rel}","templated":true}]}}