{"id":115660,"date":"2021-04-26T13:18:01","date_gmt":"2021-04-26T17:18:01","guid":{"rendered":"https:\/\/linitiative.ca\/International\/rdc-le-parlement-investit-le-nouveau-gouvernement\/"},"modified":"2021-04-26T13:18:01","modified_gmt":"2021-04-26T17:18:01","slug":"rdc-le-parlement-investit-le-nouveau-gouvernement","status":"publish","type":"post","link":"https:\/\/linitiative.ca\/International\/rdc-le-parlement-investit-le-nouveau-gouvernement\/","title":{"rendered":"RDC : le Parlement investit le nouveau gouvernement"},"content":{"rendered":"<div readability=\"32\">\n<p>Publi\u00e9 le 26.04.2021 \u00e0 18h18 par APA News<\/p>\n<\/div>\n<div readability=\"52\">\n<p>L\u2019Assembl\u00e9e nationale vient d\u2019investir \u00e0 la majorit\u00e9 \u00e9crasante le Gouvernement de Jean-Michel Sama Lukonde.Dor\u00e9navant, l\u2019\u00e9quipe de 56 ministres conduite par le Premier ministre Jean-Michel Sama Lukonde peut se mettre au travail pour r\u00e9aliser les objectifs assign\u00e9s par le pr\u00e9sident F\u00e9lix Tshisekedi. Ce dernier vise, en priorit\u00e9, deux buts: : \u00ab am\u00e9lioration des conditions de vie des Congolais et instauration d\u2019un climat de paix sur toute l\u2019\u00e9tendue du territoire national \u00bb.<\/p>\n<p>Avant le vote des d\u00e9put\u00e9s, le nouveau chef du gouvernement de la R\u00e9publique d\u00e9mocratique du Congo (RDC) a pr\u00e9sent\u00e9 son programme d\u2019actions de trois ans. \u00a0Celui-ci est chiffr\u00e9 \u00e0 36 milliards de dollars.<\/p>\n<p>Au total, 410 d\u00e9put\u00e9s sur 412 pr\u00e9sents \u00e0 la s\u00e9ance de ce lundi ont approuv\u00e9 ce gouvernement de l\u2019Union sacr\u00e9e form\u00e9e le 12 avril dernier.<\/p>\n<p>Le nouveau gouvernement, dont la moyenne d\u2019\u00e2ge est de 47 ans, comprend \u00ab 80 % de nouvelles figures\u00a0\u00bb et \u00ab 27 % de femmes \u00bb.<\/p>\n<\/div>\n<p>Auteur: APA News<br \/>\n<a href=\"https:\/\/www.journalducameroun.com\/rdc-le-parlement-investit-le-nouveau-gouvernement\/\">Cliquez ici pour lire l&rsquo;article depuis sa source.<\/a><\/p>\n","protected":false},"excerpt":{"rendered":"<p>Publi\u00e9 le 26.04.2021 \u00e0 18h18 par APA News L\u2019Assembl\u00e9e nationale vient d\u2019investir \u00e0 la majorit\u00e9 \u00e9crasante le Gouvernement de Jean-Michel Sama Lukonde.Dor\u00e9navant, l\u2019\u00e9quipe de 56 ministres conduite par le Premier ministre Jean-Michel Sama Lukonde peut se mettre au travail pour r\u00e9aliser les objectifs assign\u00e9s par le pr\u00e9sident F\u00e9lix Tshisekedi. Ce dernier vise, en priorit\u00e9, deux [&hellip;]<\/p>\n","protected":false},"author":1965,"featured_media":0,"comment_status":"closed","ping_status":"closed","sticky":false,"template":"","format":"standard","meta":{"fifu_image_url":"","fifu_image_alt":"","footnotes":""},"categories":[73,82],"tags":[],"class_list":["post-115660","post","type-post","status-publish","format-standard","hentry","category-actualite","category-cameroun"],"_links":{"self":[{"href":"https:\/\/linitiative.ca\/International\/wp-json\/wp\/v2\/posts\/115660","targetHints":{"allow":["GET"]}}],"collection":[{"href":"https:\/\/linitiative.ca\/International\/wp-json\/wp\/v2\/posts"}],"about":[{"href":"https:\/\/linitiative.ca\/International\/wp-json\/wp\/v2\/types\/post"}],"author":[{"embeddable":true,"href":"https:\/\/linitiative.ca\/International\/wp-json\/wp\/v2\/users\/1965"}],"replies":[{"embeddable":true,"href":"https:\/\/linitiative.ca\/International\/wp-json\/wp\/v2\/comments?post=115660"}],"version-history":[{"count":0,"href":"https:\/\/linitiative.ca\/International\/wp-json\/wp\/v2\/posts\/115660\/revisions"}],"wp:attachment":[{"href":"https:\/\/linitiative.ca\/International\/wp-json\/wp\/v2\/media?parent=115660"}],"wp:term":[{"taxonomy":"category","embeddable":true,"href":"https:\/\/linitiative.ca\/International\/wp-json\/wp\/v2\/categories?post=115660"},{"taxonomy":"post_tag","embeddable":true,"href":"https:\/\/linitiative.ca\/International\/wp-json\/wp\/v2\/tags?post=115660"}],"curies":[{"name":"wp","href":"https:\/\/api.w.org\/{rel}","templated":true}]}}