{"id":115661,"date":"2021-04-26T13:18:01","date_gmt":"2021-04-26T17:18:01","guid":{"rendered":"https:\/\/linitiative.ca\/International\/afrique-du-sud-reprise-la-campagne-de-vaccination\/"},"modified":"2021-04-26T13:18:01","modified_gmt":"2021-04-26T17:18:01","slug":"afrique-du-sud-reprise-la-campagne-de-vaccination","status":"publish","type":"post","link":"https:\/\/linitiative.ca\/International\/afrique-du-sud-reprise-la-campagne-de-vaccination\/","title":{"rendered":"Afrique du Sud : reprise la campagne de vaccination"},"content":{"rendered":"<div readability=\"32\">\n<p>Publi\u00e9 le 26.04.2021 \u00e0 18h18 par APA News<\/p>\n<\/div>\n<div readability=\"63\">\n<p>Le ministre sud-africain de la Sant\u00e9, Zweli Mkhize, a annonc\u00e9 que le pays allait reprendre mercredi sa campagne nationale de vaccination contre la Covid-49 afin d\u2019inoculer 46 millions de personnes pour obtenir une immunit\u00e9 collective.Pretoria avait suspendu la campagne de vaccination il y a deux semaines, suite \u00e0 des questions sur la s\u00e9curit\u00e9 du vaccin uni-dose de Johnson &amp; Johnson, qui avait provoqu\u00e9 des caillots sanguins dans le cerveau de 16 femmes am\u00e9ricaines, dont trois seraient d\u00e9c\u00e9d\u00e9es des suites de ces complications.<\/p>\n<p>\u00a0Les autorit\u00e9s sanitaires am\u00e9ricaines ont toutefois d\u00e9clar\u00e9 que l\u2019innocuit\u00e9 globale des vaccins J&amp;J l\u2019emportait sur le risque de ne pas prendre de vaccin du tout, approuvant ainsi la poursuite de l\u2019utilisation du vaccin.<\/p>\n<p>\u00a0Selon M. Mkhize, lundi, la reprise de le campagne de vaccination intervient apr\u00e8s la recommandation de l\u2019Autorit\u00e9 sud-africaine de r\u00e9glementation des produits de sant\u00e9 au gouvernement et l\u2019approbation du gouvernement suite \u00e0 l\u2019avis des experts sanitaires.<\/p>\n<p>\u00a0\u00ab Nous sommes impatients de rattraper le temps perdu en achevant cette campagne dans les plus brefs d\u00e9lais \u00bb, a d\u00e9clar\u00e9 M. Mkhize.\u00a0<\/p>\n<p>Le minist\u00e8re de la sant\u00e9 a mis en place 95 sites de vaccination \u00e0 travers le pays pour vacciner le personnel de sant\u00e9 durant cette premi\u00e8re phase, a-t-il ajout\u00e9.<\/p>\n<p>\u00a0Il a d\u00e9clar\u00e9 que son gouvernement restait d\u00e9termin\u00e9 \u00e0 vacciner 1,2 million de travailleurs de premi\u00e8re ligne au cours de la premi\u00e8re phase qui se termine le 16 mai.<\/p>\n<\/div>\n<p>Auteur: APA News<br \/>\n<a href=\"https:\/\/www.journalducameroun.com\/afrique-du-sud-reprise-la-campagne-de-vaccination\/\">Cliquez ici pour lire l&rsquo;article depuis sa source.<\/a><\/p>\n","protected":false},"excerpt":{"rendered":"<p>Publi\u00e9 le 26.04.2021 \u00e0 18h18 par APA News Le ministre sud-africain de la Sant\u00e9, Zweli Mkhize, a annonc\u00e9 que le pays allait reprendre mercredi sa campagne nationale de vaccination contre la Covid-49 afin d\u2019inoculer 46 millions de personnes pour obtenir une immunit\u00e9 collective.Pretoria avait suspendu la campagne de vaccination il y a deux semaines, suite [&hellip;]<\/p>\n","protected":false},"author":1965,"featured_media":0,"comment_status":"closed","ping_status":"closed","sticky":false,"template":"","format":"standard","meta":{"fifu_image_url":"","fifu_image_alt":"","footnotes":""},"categories":[73,82],"tags":[],"class_list":["post-115661","post","type-post","status-publish","format-standard","hentry","category-actualite","category-cameroun"],"_links":{"self":[{"href":"https:\/\/linitiative.ca\/International\/wp-json\/wp\/v2\/posts\/115661","targetHints":{"allow":["GET"]}}],"collection":[{"href":"https:\/\/linitiative.ca\/International\/wp-json\/wp\/v2\/posts"}],"about":[{"href":"https:\/\/linitiative.ca\/International\/wp-json\/wp\/v2\/types\/post"}],"author":[{"embeddable":true,"href":"https:\/\/linitiative.ca\/International\/wp-json\/wp\/v2\/users\/1965"}],"replies":[{"embeddable":true,"href":"https:\/\/linitiative.ca\/International\/wp-json\/wp\/v2\/comments?post=115661"}],"version-history":[{"count":0,"href":"https:\/\/linitiative.ca\/International\/wp-json\/wp\/v2\/posts\/115661\/revisions"}],"wp:attachment":[{"href":"https:\/\/linitiative.ca\/International\/wp-json\/wp\/v2\/media?parent=115661"}],"wp:term":[{"taxonomy":"category","embeddable":true,"href":"https:\/\/linitiative.ca\/International\/wp-json\/wp\/v2\/categories?post=115661"},{"taxonomy":"post_tag","embeddable":true,"href":"https:\/\/linitiative.ca\/International\/wp-json\/wp\/v2\/tags?post=115661"}],"curies":[{"name":"wp","href":"https:\/\/api.w.org\/{rel}","templated":true}]}}