{"id":115668,"date":"2021-04-27T09:41:46","date_gmt":"2021-04-27T13:41:46","guid":{"rendered":"https:\/\/linitiative.ca\/International\/covid-19-baisse-des-cas-positifs-en-deux-semaines\/"},"modified":"2021-04-27T09:41:46","modified_gmt":"2021-04-27T13:41:46","slug":"covid-19-baisse-des-cas-positifs-en-deux-semaines","status":"publish","type":"post","link":"https:\/\/linitiative.ca\/International\/covid-19-baisse-des-cas-positifs-en-deux-semaines\/","title":{"rendered":"Covid-19: Baisse des cas positifs en deux semaines"},"content":{"rendered":"<figure class=\"post-thumbnail\" itemprop=\"associatedMedia\" itemscope=\"itemscope\" itemtype=\"http:\/\/schema.org\/ImageObject\"><img decoding=\"async\" class=\"post_layout_5_img\" src=\"http:\/\/aujourdhui.ma\/wp-content\/uploads\/2021\/03\/Femme-coronavirus-covid-19.jpg\" alt=\"Covid-19: Baisse des cas positifs en deux semaines\"\/><\/figure>\n<p><span class=\"c7\"><strong>Les cas d\u2019infection au covid-19 ont baiss\u00e9 de 4,2 % pendant les deux derni\u00e8res semaines au Maroc, a indiqu\u00e9 mardi \u00e0 Rabat le chef de la division des maladies transmissibles \u00e0 la direction de l\u2019\u00e9pid\u00e9miologie et de lutte contre les maladies, Abdelkrim Meziane Bellefquih.<\/strong><\/span><\/p>\n<p>Pr\u00e9sentant le bilan bimensuel de la situation \u00e9pid\u00e9miologique dans le Royaume, le responsable a expliqu\u00e9 que cette baisse intervient apr\u00e8s sept semaines de hausse cons\u00e9cutive, ce qui d\u00e9montre l\u2019efficacit\u00e9 des mesures pr\u00e9ventives prises pour freiner la propagation du virus et leur respect par les citoyens.<\/p>\n<p>Cette tendance baissi\u00e8re a concern\u00e9 huit r\u00e9gions du Royaume, \u00e0 savoir F\u00e8s-Mekn\u00e8s (-60%), Guelmim-Oued Noun (-50%), B\u00e9ni Mellal-Kh\u00e9nifra (-35,5%), Tanger-T\u00e9touan-Al Hoceima (-31,5%), Marrakech-Safi (-11%), Souss-Massa (-11%), Rabat-Sal\u00e9-K\u00e9nitra (-8,3%), Casablanca-Settat (-6,5%) , a pr\u00e9cis\u00e9 M. Bellefquih, relevant qu\u2019une augmentation a \u00e9t\u00e9 enregistr\u00e9e au niveau de quatre r\u00e9gions notamment Dakhla-Oued Eddahab (+135 %), Dar\u00e2a-Tafilalet (+61,50%), La\u00e2youne-Sakia El Hamra (+44%) et l\u2019Oriental (+25%).<\/p>\n<p>Par ailleurs, les cas actifs s\u2019inscrivent en hausse, passant de 4.736 cas il y a deux semaines \u00e0 5.109 jusqu\u2019\u00e0 lundi, soit une hausse de 8%, a-t-il relev\u00e9, ajoutant que les indicateurs ont enregistr\u00e9 jusqu\u2019\u00e0 lundi, une r\u00e9gression de 12,2% pour les cas critiques ou s\u00e9v\u00e8res admis aux unit\u00e9s de soins intensifs, passant ainsi de 444 cas \u00e0 390 cas.<br \/>Le m\u00eame responsable a \u00e9voqu\u00e9 une l\u00e9g\u00e8re baisse du taux d\u2019incidence, passant de 10,8 cas par 100.000 habitants \u00e0 9,8 les deux semaines derni\u00e8res.<br \/>Le taux de reproduction du virus a quant \u00e0 lui connu une baisse significative soit 0,95 apr\u00e8s avoir atteint ces derni\u00e8res semaines des niveaux satisfaisants sous la barre de 1, a-t-il ajout\u00e9, notant que la courbe des d\u00e9c\u00e8s enregistre une l\u00e9g\u00e8re hausse (-4,4%).<\/p>\n<p>Selon M. Bellefquih, les donn\u00e9es sur la situation \u00e9pid\u00e9miologique laissent pr\u00e9sager une am\u00e9lioration, appelant \u00e0 plus de vigilance et au respect des mesures de pr\u00e9vention afin de pr\u00e9server les acquis.<br \/>Par ailleurs, M. Bellefquih s\u2019est f\u00e9licit\u00e9 du bon d\u00e9roulement de la campagne de vaccination anti-covid qui en est \u00e0 sa 13\u00e8me semaine, affirmant la d\u00e9termination du minist\u00e8re \u00e0 redoubler d\u2019efforts pour s\u2019approvisionner en quantit\u00e9s suffisantes de vaccins.<br \/>Dans ce cadre, le responsable a fait savoir que le Maroc a r\u00e9ceptionn\u00e9 lundi une nouvelle livraison du vaccin chinois \u00ab\u00a0Sinopharm\u00a0\u00bb et que la campagne nationale de vaccination sera \u00e9largie \u00e0 la tranche d\u2019\u00e2ge entre 55 et 60 ans.<\/p>\n<p>Auteur: ALM<br \/>\n<a href=\"https:\/\/aujourdhui.ma\/societe\/covid-19-baisse-des-cas-positifs-en-deux-semaines\">Cliquez ici pour lire l&rsquo;article depuis sa source.<\/a><\/p>\n","protected":false},"excerpt":{"rendered":"<p>Les cas d\u2019infection au covid-19 ont baiss\u00e9 de 4,2 % pendant les deux derni\u00e8res semaines au Maroc, a indiqu\u00e9 mardi \u00e0 Rabat le chef de la division des maladies transmissibles \u00e0 la direction de l\u2019\u00e9pid\u00e9miologie et de lutte contre les maladies, Abdelkrim Meziane Bellefquih. Pr\u00e9sentant le bilan bimensuel de la situation \u00e9pid\u00e9miologique dans le Royaume, [&hellip;]<\/p>\n","protected":false},"author":1759,"featured_media":0,"comment_status":"closed","ping_status":"closed","sticky":false,"template":"","format":"standard","meta":{"fifu_image_url":"http:\/\/aujourdhui.ma\/wp-content\/uploads\/2021\/03\/Femme-coronavirus-covid-19.jpg","fifu_image_alt":"Covid-19: Baisse des cas positifs en deux semaines","footnotes":""},"categories":[73,54],"tags":[],"class_list":["post-115668","post","type-post","status-publish","format-standard","hentry","category-actualite","category-maroc"],"_links":{"self":[{"href":"https:\/\/linitiative.ca\/International\/wp-json\/wp\/v2\/posts\/115668","targetHints":{"allow":["GET"]}}],"collection":[{"href":"https:\/\/linitiative.ca\/International\/wp-json\/wp\/v2\/posts"}],"about":[{"href":"https:\/\/linitiative.ca\/International\/wp-json\/wp\/v2\/types\/post"}],"author":[{"embeddable":true,"href":"https:\/\/linitiative.ca\/International\/wp-json\/wp\/v2\/users\/1759"}],"replies":[{"embeddable":true,"href":"https:\/\/linitiative.ca\/International\/wp-json\/wp\/v2\/comments?post=115668"}],"version-history":[{"count":0,"href":"https:\/\/linitiative.ca\/International\/wp-json\/wp\/v2\/posts\/115668\/revisions"}],"wp:attachment":[{"href":"https:\/\/linitiative.ca\/International\/wp-json\/wp\/v2\/media?parent=115668"}],"wp:term":[{"taxonomy":"category","embeddable":true,"href":"https:\/\/linitiative.ca\/International\/wp-json\/wp\/v2\/categories?post=115668"},{"taxonomy":"post_tag","embeddable":true,"href":"https:\/\/linitiative.ca\/International\/wp-json\/wp\/v2\/tags?post=115668"}],"curies":[{"name":"wp","href":"https:\/\/api.w.org\/{rel}","templated":true}]}}