{"id":115669,"date":"2021-04-27T09:51:32","date_gmt":"2021-04-27T13:51:32","guid":{"rendered":"https:\/\/linitiative.ca\/International\/drogue-des-trafiquants-de-drogue-arretes-a-tetouan-et-marrakech\/"},"modified":"2021-04-27T09:51:32","modified_gmt":"2021-04-27T13:51:32","slug":"drogue-des-trafiquants-de-drogue-arretes-a-tetouan-et-marrakech","status":"publish","type":"post","link":"https:\/\/linitiative.ca\/International\/drogue-des-trafiquants-de-drogue-arretes-a-tetouan-et-marrakech\/","title":{"rendered":"Drogue : Des trafiquants de drogue arr\u00eat\u00e9s  \u00e0 T\u00e9touan et Marrakech"},"content":{"rendered":"<header>\n<\/header>\n<div class=\"entry-content clearfix\" readability=\"43\">\n<figure class=\"post-thumbnail\" itemprop=\"associatedMedia\" itemscope=\"itemscope\" itemtype=\"http:\/\/schema.org\/ImageObject\"><img decoding=\"async\" class=\"post_layout_5_img\" src=\"http:\/\/aujourdhui.ma\/wp-content\/uploads\/2020\/01\/Drogue-chira.jpg\" alt=\"Drogue : Des trafiquants de drogue arr\u00eat\u00e9s \u00e0 T\u00e9touan et Marrakech\"\/><\/figure>\n<p><strong>Un repris de justice, \u00e2g\u00e9 de quarante-six ans, a \u00e9t\u00e9 arr\u00eat\u00e9 vendredi dernier \u00e0 T\u00e9touan en possession de 90 kg du chira.<\/strong><span id=\"more-374999\"\/> D\u00e8s son arriv\u00e9e dans la ville, \u00e0 bord de sa voiture, il a \u00e9t\u00e9 surpris par les limiers du service de la police judiciaire qui lui ont donn\u00e9 l\u2019ordre de s\u2019arr\u00eater. Une fouille de sa voiture leur a permis de d\u00e9couvrir le chira. Les policiers ont saisi sur lui deux smartphones et une importante somme d\u2019argent.<br \/>A Marrakech, un trafiquant de drogue a \u00e9t\u00e9 \u00e9pingl\u00e9 dans l\u2019ancienne m\u00e9dina alors qu\u2019il \u00e9tait en possession de vingt-six plaques de haschich d\u2019une quantit\u00e9 globale d\u2019un kilo et demi. Et au quartier Sidi Youssef Ben Ali, un autre trafiquant de drogue a \u00e9t\u00e9 mis hors d\u2019\u00e9tat de nuire alors qu\u2019il avait \u00e9galement une quantit\u00e9 de haschich. Chez lui, lors d\u2019une perquisition, la police de la cit\u00e9 ocre a saisi trois plaques de haschich.<\/p>\n<\/div>\n<p>Auteur: Abderrafii ALOUMLIKI<br \/>\n<a href=\"https:\/\/aujourdhui.ma\/faits-divers\/drogue-des-trafiquants-de-drogue-arretes-a-tetouan-et-marrakech\">Cliquez ici pour lire l&rsquo;article depuis sa source.<\/a><\/p>\n","protected":false},"excerpt":{"rendered":"<p>Un repris de justice, \u00e2g\u00e9 de quarante-six ans, a \u00e9t\u00e9 arr\u00eat\u00e9 vendredi dernier \u00e0 T\u00e9touan en possession de 90 kg du chira. D\u00e8s son arriv\u00e9e dans la ville, \u00e0 bord de sa voiture, il a \u00e9t\u00e9 surpris par les limiers du service de la police judiciaire qui lui ont donn\u00e9 l\u2019ordre de s\u2019arr\u00eater. Une fouille [&hellip;]<\/p>\n","protected":false},"author":1759,"featured_media":0,"comment_status":"closed","ping_status":"closed","sticky":false,"template":"","format":"standard","meta":{"fifu_image_url":"http:\/\/aujourdhui.ma\/wp-content\/uploads\/2020\/01\/Drogue-chira.jpg","fifu_image_alt":"Drogue : Des trafiquants de drogue arr\u00eat\u00e9s  \u00e0 T\u00e9touan et Marrakech","footnotes":""},"categories":[73,54],"tags":[],"class_list":["post-115669","post","type-post","status-publish","format-standard","hentry","category-actualite","category-maroc"],"_links":{"self":[{"href":"https:\/\/linitiative.ca\/International\/wp-json\/wp\/v2\/posts\/115669","targetHints":{"allow":["GET"]}}],"collection":[{"href":"https:\/\/linitiative.ca\/International\/wp-json\/wp\/v2\/posts"}],"about":[{"href":"https:\/\/linitiative.ca\/International\/wp-json\/wp\/v2\/types\/post"}],"author":[{"embeddable":true,"href":"https:\/\/linitiative.ca\/International\/wp-json\/wp\/v2\/users\/1759"}],"replies":[{"embeddable":true,"href":"https:\/\/linitiative.ca\/International\/wp-json\/wp\/v2\/comments?post=115669"}],"version-history":[{"count":0,"href":"https:\/\/linitiative.ca\/International\/wp-json\/wp\/v2\/posts\/115669\/revisions"}],"wp:attachment":[{"href":"https:\/\/linitiative.ca\/International\/wp-json\/wp\/v2\/media?parent=115669"}],"wp:term":[{"taxonomy":"category","embeddable":true,"href":"https:\/\/linitiative.ca\/International\/wp-json\/wp\/v2\/categories?post=115669"},{"taxonomy":"post_tag","embeddable":true,"href":"https:\/\/linitiative.ca\/International\/wp-json\/wp\/v2\/tags?post=115669"}],"curies":[{"name":"wp","href":"https:\/\/api.w.org\/{rel}","templated":true}]}}