{"id":115670,"date":"2021-04-27T09:53:10","date_gmt":"2021-04-27T13:53:10","guid":{"rendered":"https:\/\/linitiative.ca\/International\/deux-suicides-a-ksar-kebir-et-deux-autres-a-tanger-et-marrakech\/"},"modified":"2021-04-27T09:53:10","modified_gmt":"2021-04-27T13:53:10","slug":"deux-suicides-a-ksar-kebir-et-deux-autres-a-tanger-et-marrakech","status":"publish","type":"post","link":"https:\/\/linitiative.ca\/International\/deux-suicides-a-ksar-kebir-et-deux-autres-a-tanger-et-marrakech\/","title":{"rendered":"Deux suicides \u00e0 Ksar Kebir et deux autres  \u00e0 Tanger et Marrakech"},"content":{"rendered":"<header>\n<\/header>\n<div class=\"entry-content clearfix\" readability=\"53\">\n<figure class=\"post-thumbnail\" itemprop=\"associatedMedia\" itemscope=\"itemscope\" itemtype=\"http:\/\/schema.org\/ImageObject\"><img decoding=\"async\" class=\"post_layout_5_img\" src=\"http:\/\/aujourdhui.ma\/wp-content\/uploads\/2019\/10\/suicide-pendaison.jpg\" alt=\"Deux suicides \u00e0 Ksar Kebir et deux autres \u00e0 Tanger et Marrakech\"\/><\/figure>\n<p><strong>A Tanger, au quartier Bir Cha\u00efri, un commer\u00e7ant a \u00e9t\u00e9 retrouv\u00e9, samedi dernier, corps sans vie, pendu dans un d\u00e9p\u00f4t am\u00e9nag\u00e9 pour le stockage de sa marchandise et comme local d\u2019habitation.<\/strong> <span id=\"more-375005\"\/>Ses voisins, qui \u00e9taient attir\u00e9s par les odeurs naus\u00e9abondes provenant du d\u00e9p\u00f4t, ont alert\u00e9 les autorit\u00e9s locales et la police pour qu\u2019ils se d\u00e9p\u00eachent sur les lieux et d\u00e9couvrir le corps sans vie du commer\u00e7ant qui semble avoir mis fin \u00e0 sa vie. Le cadavre a \u00e9t\u00e9 \u00e9vacu\u00e9 vers la morgue de l\u2019h\u00f4pital Duc De Tovar afin d\u2019\u00eatre autopsi\u00e9 et pour d\u00e9terminer la cause essentielle de la mort.<br \/>Vingt-quatre heures plus t\u00f4t, vendredi, deux cas de suicide ont eu lieu \u00e0 Ksar Kebir. La premi\u00e8re concerne une m\u00e8re d\u2019un enfant, \u00e2g\u00e9e de vingt-trois ans, qui s\u2019est jet\u00e9e de la terrasse d\u2019une maison R+2, situ\u00e9e au quartier Essalam. Le second cas concerne un marchand de fruits au march\u00e9 Lalla Rkia, qui s\u2019est suicid\u00e9 par pendaison juste apr\u00e8s la rupture du je\u00fbne.<br \/>Un quatri\u00e8me cas de suicide a eu lieu \u00e9galement le vendredi dernier, \u00e0 Marrakech. Il s\u2019agit d\u2019un p\u00e8re de famille, \u00e2g\u00e9 de soixante-huit ans, qui a mis fin \u00e0 ses jours par pendaison et ce, chez lui \u00e0 Derb El Madrassa, douar Akioud.<\/p>\n<\/div>\n<p>Auteur: Abderrafii ALOUMLIKI<br \/>\n<a href=\"https:\/\/aujourdhui.ma\/faits-divers\/deux-suicides-a-ksar-kebir-et-deux-autres-a-tanger-et-marrakech\">Cliquez ici pour lire l&rsquo;article depuis sa source.<\/a><\/p>\n","protected":false},"excerpt":{"rendered":"<p>A Tanger, au quartier Bir Cha\u00efri, un commer\u00e7ant a \u00e9t\u00e9 retrouv\u00e9, samedi dernier, corps sans vie, pendu dans un d\u00e9p\u00f4t am\u00e9nag\u00e9 pour le stockage de sa marchandise et comme local d\u2019habitation. Ses voisins, qui \u00e9taient attir\u00e9s par les odeurs naus\u00e9abondes provenant du d\u00e9p\u00f4t, ont alert\u00e9 les autorit\u00e9s locales et la police pour qu\u2019ils se d\u00e9p\u00eachent [&hellip;]<\/p>\n","protected":false},"author":1759,"featured_media":0,"comment_status":"closed","ping_status":"closed","sticky":false,"template":"","format":"standard","meta":{"fifu_image_url":"http:\/\/aujourdhui.ma\/wp-content\/uploads\/2019\/10\/suicide-pendaison.jpg","fifu_image_alt":"Deux suicides \u00e0 Ksar Kebir et deux autres  \u00e0 Tanger et Marrakech","footnotes":""},"categories":[73,54],"tags":[],"class_list":["post-115670","post","type-post","status-publish","format-standard","hentry","category-actualite","category-maroc"],"_links":{"self":[{"href":"https:\/\/linitiative.ca\/International\/wp-json\/wp\/v2\/posts\/115670","targetHints":{"allow":["GET"]}}],"collection":[{"href":"https:\/\/linitiative.ca\/International\/wp-json\/wp\/v2\/posts"}],"about":[{"href":"https:\/\/linitiative.ca\/International\/wp-json\/wp\/v2\/types\/post"}],"author":[{"embeddable":true,"href":"https:\/\/linitiative.ca\/International\/wp-json\/wp\/v2\/users\/1759"}],"replies":[{"embeddable":true,"href":"https:\/\/linitiative.ca\/International\/wp-json\/wp\/v2\/comments?post=115670"}],"version-history":[{"count":0,"href":"https:\/\/linitiative.ca\/International\/wp-json\/wp\/v2\/posts\/115670\/revisions"}],"wp:attachment":[{"href":"https:\/\/linitiative.ca\/International\/wp-json\/wp\/v2\/media?parent=115670"}],"wp:term":[{"taxonomy":"category","embeddable":true,"href":"https:\/\/linitiative.ca\/International\/wp-json\/wp\/v2\/categories?post=115670"},{"taxonomy":"post_tag","embeddable":true,"href":"https:\/\/linitiative.ca\/International\/wp-json\/wp\/v2\/tags?post=115670"}],"curies":[{"name":"wp","href":"https:\/\/api.w.org\/{rel}","templated":true}]}}