{"id":115672,"date":"2021-04-26T14:00:52","date_gmt":"2021-04-26T18:00:52","guid":{"rendered":"https:\/\/linitiative.ca\/International\/plaidoyer-pour-le-renforcement-et-la-diversification-des-relations\/"},"modified":"2021-04-26T14:00:52","modified_gmt":"2021-04-26T18:00:52","slug":"plaidoyer-pour-le-renforcement-et-la-diversification-des-relations","status":"publish","type":"post","link":"https:\/\/linitiative.ca\/International\/plaidoyer-pour-le-renforcement-et-la-diversification-des-relations\/","title":{"rendered":"Plaidoyer pour le renforcement et la diversification des relations"},"content":{"rendered":"<p class=\"has-text-color has-vivid-cyan-blue-color c1\"><strong>Maroc et le Mexique<\/strong><\/p>\n<p><strong>L\u2019ambassadeur du Maroc au Mexique, Abdelfattah Lebbar, a mis en avant le caract\u00e8re strat\u00e9gique des relations entre Rabat et Mexico ainsi que l\u2019engagement ferme de poursuivre l\u2019\u00e9change d\u2019exp\u00e9riences et d\u2019expertise entre les deux pays, soulignant que le Royaume constitue un partenaire arabo-africain privil\u00e9gi\u00e9 du Mexique.<\/strong><\/p>\n<p>Intervenant dans le cadre d\u2019une conf\u00e9rence virtuelle samedi soir sur le th\u00e8me des \u201cd\u00e9fis et opportunit\u00e9s de la femme marocaine et mexicaine dans l\u2019exercice du journalisme\u201d, M. Lebbar a affirm\u00e9 que le Mexique peut compter aujourd\u2019hui sur un pays ami en Afrique du Nord, o\u00f9 le Royaume est consid\u00e9r\u00e9 comme un mod\u00e8le de d\u00e9veloppement socio-\u00e9conomique, tout en mettant l\u2019accent sur les opportunit\u00e9s de compl\u00e9mentarit\u00e9 \u00e9conomique entre les deux pays.<\/p>\n<p>Lors de cette rencontre organis\u00e9e conjointement par l\u2019Institut des \u00e9tudes sahariennes Al-Andalous et l\u2019Institut universitaire mexicain du Yucatan, l\u2019ambassadeur a not\u00e9 qu\u2019\u00e9tant donn\u00e9 l\u2019importance de l\u2019enseignement pour les deux nations, le Maroc et le Mexique s\u2019activent \u00e0 renforcer la coop\u00e9ration universitaire, rappelant \u00e0 ce propos la convention sign\u00e9e entre l\u2019Universit\u00e9 Mohammed V de Rabat et l\u2019Universit\u00e9 nationale autonome du Mexique pour la cr\u00e9ation de la Chaire Fatima Mernissi.<\/p>\n<p>Mettant en relief les similitudes entre les cultures marocaine et mexicaine, M. Lebbar a relev\u00e9 que la cr\u00e9ation de cette Chaire repr\u00e9sente un espace d\u2019\u00e9tude et de r\u00e9flexion sur l\u2019h\u00e9ritage de cette \u00e9crivaine qui compte parmi les plus \u00e9minentes personnalit\u00e9s de la pens\u00e9e f\u00e9minine contemporaine au Maroc et du renforcement de la culture de l\u2019\u00e9galit\u00e9 du genre.<\/p>\n<p>A cet \u00e9gard, il a rappel\u00e9 que le Royaume a initi\u00e9, sous la conduite de Sa Majest\u00e9 le Roi Mohammed VI, plusieurs initiatives et mesures pour promouvoir la situation et le r\u00f4le de la femme marocaine, citant en particulier le nouveau code de la famille.<\/p>\n<p>Evoquant la th\u00e9matique de cette conf\u00e9rence, l\u2019ambassadeur a estim\u00e9 qu\u2019il s\u2019agit d\u2019une question d\u2019une grande importance, surtout dans le contexte de la pand\u00e9mie du Covid-19 o\u00f9 les m\u00e9dias jouent un r\u00f4le essentiel pour informer l\u2019opinion publique sur l\u2019\u00e9volution de la situation aux niveaux local, r\u00e9gional et international. Et d\u2019ajouter que cette importance d\u00e9coule aussi du r\u00f4le de la femme-journaliste et sa contribution consid\u00e9rable dans ce domaine.<\/p>\n<p>De son c\u00f4t\u00e9, le pr\u00e9sident de l\u2019Institut des \u00e9tudes sahariennes Al-Andalous, Bachir Edkhil, a rappel\u00e9 les relations historiques liant le Maroc et le Mexique et l\u2019importance de les renforcer pour couvrir l\u2019ensemble des secteurs, mettant la lumi\u00e8re sur les d\u00e9fis auxquels les deux pays font face, notamment l\u2019immigration, \u00e9tant donn\u00e9 qu\u2019ils ont \u00e9volu\u00e9 de pays de transit pour les migrants en pays de r\u00e9sidence.<\/p>\n<p>M. Edkhil a soulign\u00e9, dans ce sens, que malgr\u00e9 l\u2019\u00e9loignement g\u00e9ographique, Rabat et Mexico sont appel\u00e9s \u00e0 renforcer leur rapprochement et liaisons, appelant \u00e0 tirer profit de l\u2019ensemble des atouts offerts par la mondialisation pour ancrer les liens de longue date entre les deux pays.<\/p>\n<p>Il a, \u00e0 ce propos, not\u00e9 les relations privil\u00e9gi\u00e9es entre le Maroc et les pays d\u2019Am\u00e9rique latine, en rappelant que plus de sept millions de Marocains sont hispanophones, outre une litt\u00e9rature marocaine \u00e9crite en espagnol et des fili\u00e8res d\u2019\u00e9tudes en espagnol dans les universit\u00e9s marocaines. Il a fait observer que le Royaume et les pays latino-am\u00e9ricains n\u2019ont pas seulement la langue en commun mais aussi des liens historiques.<\/p>\n<p>M. Edkhil a ainsi appel\u00e9 \u00e0 renforcer la coop\u00e9ration universitaire des deux c\u00f4t\u00e9s de l\u2019Atlantique \u00e0 travers les programmes d\u2019\u00e9changes d\u2019\u00e9tudiants et de chercheurs, et le lancement de programmes \u00e0 m\u00eame de faire connaitre l\u2019h\u00e9ritage et la diversit\u00e9 culturelle du Maroc en Am\u00e9rique latine, et faire aussi connaitre les pays de cette r\u00e9gion aupr\u00e8s des Marocains.<\/p>\n<p>Il a \u00e9galement soulign\u00e9 le r\u00f4le des universit\u00e9s dans la promotion de la culture des droits de la femme et le renforcement de l\u2019\u00e9galit\u00e9, mettant l\u2019accent sur l\u2019int\u00e9r\u00eat de renforcer l\u2019\u00e9ducation et l\u2019enseignement du respect de ces droits depuis la base. Et de relever que les universit\u00e9s et les Instituts d\u2019\u00e9tudes jouent aussi un r\u00f4le important dans le respect et la protection des droits des femmes et des valeurs d\u00e9mocratiques.<\/p>\n<p>Par ailleurs, des femmes journalistes du Maroc et du Mexique ont mis l\u2019accent, lors de cette conf\u00e9rence, sur les cons\u00e9quences de la crise sanitaire mondiale li\u00e9e \u00e0 la Covid-19 sur le m\u00e9tier de journalisme, ainsi que les strat\u00e9gies adopt\u00e9es au niveau des r\u00e9dactions pour le traitement des informations relatives \u00e0 la pand\u00e9mie ainsi que le choix du t\u00e9l\u00e9travail.<\/p>\n<p>Elles ont \u00e9galement relev\u00e9 les efforts et les approches multidimensionnelles men\u00e9es par le Maroc pour lutter contre la violence faite aux femmes et la promotion de leur situation, ce qui fait du Royaume un pays leader en Afrique et dans le monde arabe au niveau des politiques publiques relatives au renforcement des droits des femmes.<\/p>\n<p>Cette conf\u00e9rence virtuelle a \u00e9galement \u00e9t\u00e9 marqu\u00e9e par la signature d\u2019une convention de partenariat entre l\u2019Institut universitaire du Yucatan et l\u2019Institut des \u00e9tudes sahariennes Al-Andalous. La convention a \u00e9t\u00e9 sign\u00e9e par Bachir Edkhil et le Recteur de l\u2019Institut mexicain, Audiel Hipolito.<\/p>\n<p>Auteur: M&rsquo;hammed rahal<br \/>\n<a href=\"http:\/\/albayane.press.ma\/plaidoyer-pour-le-renforcement-et-la-diversification-des-relations.html\">Cliquez ici pour lire l&rsquo;article depuis sa source.<\/a><\/p>\n","protected":false},"excerpt":{"rendered":"<p>Maroc et le Mexique L\u2019ambassadeur du Maroc au Mexique, Abdelfattah Lebbar, a mis en avant le caract\u00e8re strat\u00e9gique des relations entre Rabat et Mexico ainsi que l\u2019engagement ferme de poursuivre l\u2019\u00e9change d\u2019exp\u00e9riences et d\u2019expertise entre les deux pays, soulignant que le Royaume constitue un partenaire arabo-africain privil\u00e9gi\u00e9 du Mexique. Intervenant dans le cadre d\u2019une conf\u00e9rence [&hellip;]<\/p>\n","protected":false},"author":1760,"featured_media":0,"comment_status":"closed","ping_status":"closed","sticky":false,"template":"","format":"standard","meta":{"fifu_image_url":"","fifu_image_alt":"","footnotes":""},"categories":[73,54],"tags":[],"class_list":["post-115672","post","type-post","status-publish","format-standard","hentry","category-actualite","category-maroc"],"_links":{"self":[{"href":"https:\/\/linitiative.ca\/International\/wp-json\/wp\/v2\/posts\/115672","targetHints":{"allow":["GET"]}}],"collection":[{"href":"https:\/\/linitiative.ca\/International\/wp-json\/wp\/v2\/posts"}],"about":[{"href":"https:\/\/linitiative.ca\/International\/wp-json\/wp\/v2\/types\/post"}],"author":[{"embeddable":true,"href":"https:\/\/linitiative.ca\/International\/wp-json\/wp\/v2\/users\/1760"}],"replies":[{"embeddable":true,"href":"https:\/\/linitiative.ca\/International\/wp-json\/wp\/v2\/comments?post=115672"}],"version-history":[{"count":0,"href":"https:\/\/linitiative.ca\/International\/wp-json\/wp\/v2\/posts\/115672\/revisions"}],"wp:attachment":[{"href":"https:\/\/linitiative.ca\/International\/wp-json\/wp\/v2\/media?parent=115672"}],"wp:term":[{"taxonomy":"category","embeddable":true,"href":"https:\/\/linitiative.ca\/International\/wp-json\/wp\/v2\/categories?post=115672"},{"taxonomy":"post_tag","embeddable":true,"href":"https:\/\/linitiative.ca\/International\/wp-json\/wp\/v2\/tags?post=115672"}],"curies":[{"name":"wp","href":"https:\/\/api.w.org\/{rel}","templated":true}]}}