{"id":115673,"date":"2021-04-26T14:00:56","date_gmt":"2021-04-26T18:00:56","guid":{"rendered":"https:\/\/linitiative.ca\/International\/%ef%bb%bfle-maroc-et-les-eau-decident-de-renforcer-leur-cooperation\/"},"modified":"2021-04-26T14:00:56","modified_gmt":"2021-04-26T18:00:56","slug":"%ef%bb%bfle-maroc-et-les-eau-decident-de-renforcer-leur-cooperation","status":"publish","type":"post","link":"https:\/\/linitiative.ca\/International\/%ef%bb%bfle-maroc-et-les-eau-decident-de-renforcer-leur-cooperation\/","title":{"rendered":"\ufeffLe Maroc et les EAU d\u00e9cident de renforcer leur coop\u00e9ration"},"content":{"rendered":"<p class=\"has-text-color has-vivid-red-color c1\"><strong>karat\u00e9<\/strong><\/p>\n<p><strong>La F\u00e9d\u00e9ration royale marocaine de Karat\u00e9 (FRMK) a tenu, mercredi, une r\u00e9union virtuelle de coordination avec son homologue \u00e9miratie, d\u00e9di\u00e9e \u00e0 l\u2019examen des moyens de renforcer la coop\u00e9ration entre les deux parties.<\/strong><\/p>\n<p>Plusieurs sujets li\u00e9s \u00e0 l\u2019\u00e9largissement des domaines de coop\u00e9ration et \u00e0 l\u2019\u00e9change d\u2019exp\u00e9riences ont \u00e9t\u00e9 abord\u00e9s durant cette rencontre, a indiqu\u00e9 jeudi l\u2019Agence de presse \u00e9miratie (WAM), notant que les deux parties ont convenu de signer un m\u00e9morandum d\u2019entente et de coop\u00e9ration qui pr\u00e9voit notamment de mettre en place un tournoi de l\u2019amiti\u00e9 entre les deux f\u00e9d\u00e9rations et l\u2019organisation de sessions de formation communes pour les entra\u00eeneurs et les arbitres.<\/p>\n<p>Il s\u2019agit \u00e9galement d\u2019organiser des camps d\u2019entrainement conjoints entre les deux s\u00e9lections nationales pour permettre aux karat\u00e9kas d\u2019acqu\u00e9rir une exp\u00e9rience internationale et ce, tout en adoptant des m\u00e9canismes sp\u00e9cifiques pour la mise en \u0153uvre des dispositions contenues dans le m\u00e9morandum d\u2019entente.<\/p>\n<p>Lors de cette r\u00e9union qui s\u2019est d\u00e9roul\u00e9e en pr\u00e9sence des pr\u00e9sidents des deux f\u00e9d\u00e9rations, MM. Mohamed Mouktabil, c\u00f4t\u00e9 marocain, et Nasser Abdul Razzaq Al-Razouki, c\u00f4t\u00e9 \u00e9mirati, les deux parties ont convenu de fixer une date pour la signature du m\u00e9morandum d\u2019entente, que ce soit aux EAU ou au Maroc, apr\u00e8s le mois b\u00e9ni du Ramadan, tout en assurant que le pr\u00e9sident de la F\u00e9d\u00e9ration internationale de karat\u00e9, Antonio Spinos, va \u00eatre pr\u00e9sent \u00e0 cet \u00e9v\u00e9nement.<\/p>\n<p>S\u2019exprimant \u00e0 cette occasion, M. Abdul Razzaq Al-Razouki a salu\u00e9 la coop\u00e9ration conjointe entre les deux f\u00e9d\u00e9rations, affirmant que l\u2019approfondissement du partenariat aura un impact positif sur les deux parties et permettra de renforcer la pr\u00e9sence du karat\u00e9 sur la sc\u00e8ne internationale ainsi que de maintenir ce sport aux Jeux Olympiques apr\u00e8s avoir \u00e9t\u00e9 int\u00e9gr\u00e9 pour la premi\u00e8re fois aux comp\u00e9titions Tokyo 2021.<\/p>\n<p>De son c\u00f4t\u00e9, M. Mouktabil s\u2019est f\u00e9licit\u00e9 de l\u2019\u00e9largissement du champ de coop\u00e9ration avec la F\u00e9d\u00e9ration des Emirats Arabes Unis, notant que cette d\u00e9marche aura un impact positif sur le d\u00e9veloppement du jeu dans les deux pays.<\/p>\n<p>Il a \u00e9galement mis l\u2019accent sur l\u2019importance de la signature du m\u00e9morandum d\u2019entente pour renforcer les liens d\u2019amiti\u00e9 et d\u2019action commune de mani\u00e8re \u00e0 renforcer la pr\u00e9sence arabe dans tous les foras internationaux.<\/p>\n<p>Auteur: M&rsquo;hammed rahal<br \/>\n<a href=\"http:\/\/albayane.press.ma\/%EF%BB%BFle-maroc-et-les-eau-decident-de-renforcer-leur-cooperation.html\">Cliquez ici pour lire l&rsquo;article depuis sa source.<\/a><\/p>\n","protected":false},"excerpt":{"rendered":"<p>karat\u00e9 La F\u00e9d\u00e9ration royale marocaine de Karat\u00e9 (FRMK) a tenu, mercredi, une r\u00e9union virtuelle de coordination avec son homologue \u00e9miratie, d\u00e9di\u00e9e \u00e0 l\u2019examen des moyens de renforcer la coop\u00e9ration entre les deux parties. Plusieurs sujets li\u00e9s \u00e0 l\u2019\u00e9largissement des domaines de coop\u00e9ration et \u00e0 l\u2019\u00e9change d\u2019exp\u00e9riences ont \u00e9t\u00e9 abord\u00e9s durant cette rencontre, a indiqu\u00e9 jeudi [&hellip;]<\/p>\n","protected":false},"author":1760,"featured_media":0,"comment_status":"closed","ping_status":"closed","sticky":false,"template":"","format":"standard","meta":{"fifu_image_url":"","fifu_image_alt":"","footnotes":""},"categories":[73,54],"tags":[],"class_list":["post-115673","post","type-post","status-publish","format-standard","hentry","category-actualite","category-maroc"],"_links":{"self":[{"href":"https:\/\/linitiative.ca\/International\/wp-json\/wp\/v2\/posts\/115673","targetHints":{"allow":["GET"]}}],"collection":[{"href":"https:\/\/linitiative.ca\/International\/wp-json\/wp\/v2\/posts"}],"about":[{"href":"https:\/\/linitiative.ca\/International\/wp-json\/wp\/v2\/types\/post"}],"author":[{"embeddable":true,"href":"https:\/\/linitiative.ca\/International\/wp-json\/wp\/v2\/users\/1760"}],"replies":[{"embeddable":true,"href":"https:\/\/linitiative.ca\/International\/wp-json\/wp\/v2\/comments?post=115673"}],"version-history":[{"count":0,"href":"https:\/\/linitiative.ca\/International\/wp-json\/wp\/v2\/posts\/115673\/revisions"}],"wp:attachment":[{"href":"https:\/\/linitiative.ca\/International\/wp-json\/wp\/v2\/media?parent=115673"}],"wp:term":[{"taxonomy":"category","embeddable":true,"href":"https:\/\/linitiative.ca\/International\/wp-json\/wp\/v2\/categories?post=115673"},{"taxonomy":"post_tag","embeddable":true,"href":"https:\/\/linitiative.ca\/International\/wp-json\/wp\/v2\/tags?post=115673"}],"curies":[{"name":"wp","href":"https:\/\/api.w.org\/{rel}","templated":true}]}}