{"id":115674,"date":"2021-04-26T14:00:57","date_gmt":"2021-04-26T18:00:57","guid":{"rendered":"https:\/\/linitiative.ca\/International\/%ef%bb%bfmama-saida-la-marraine-des-jeunes-en-manque-de-soutien-familial\/"},"modified":"2021-04-26T14:00:57","modified_gmt":"2021-04-26T18:00:57","slug":"%ef%bb%bfmama-saida-la-marraine-des-jeunes-en-manque-de-soutien-familial","status":"publish","type":"post","link":"https:\/\/linitiative.ca\/International\/%ef%bb%bfmama-saida-la-marraine-des-jeunes-en-manque-de-soutien-familial\/","title":{"rendered":"\ufeff\u00abMama Saida\u00bb, la marraine des jeunes en manque de soutien familial"},"content":{"rendered":"<p class=\"has-text-color has-vivid-cyan-blue-color c1\"><strong>Fondatrice de l\u2019association \u00ab Idmaj des pensionnaires des maisons de bienfaisance<\/strong><\/p>\n<p class=\"c2\"><strong>Nezha BOULANDA)- MAP<\/strong><\/p>\n<p><strong>Du haut de ses 24 ans, Nabila se souvient d\u2019une enfance am\u00e8re partag\u00e9e entre les boulevards et ruelles de Casablanca o\u00f9 il a pass\u00e9 une bonne partie de sa vie avant que son chemin ne croise \u00ab\u00a0Mama Saida\u00a0\u00bb, celle qui deviendra la marraine des jeunes et des enfants en manque de soutien familial.<\/strong><\/p>\n<p>Aujourd\u2019hui et gr\u00e2ce aux efforts consentis par \u00ab\u00a0Mama Saida\u00a0\u00bb, Nabila suit une formation en langue anglaise, dispose de pi\u00e8ces d\u2019identit\u00e9s et se pr\u00e9pare \u00e0 int\u00e9grer le monde de l\u2019emploi.<\/p>\n<p>Mais qui est Mama Saida? Il s\u2019agit de Saida Faddoul, assistante sociale au sein du Centre pour femmes en situation difficile qui s\u2019est volontairement engag\u00e9e \u00e0 soutenir les enfants et les jeunes en situation difficile et leur offrir l\u2019aide n\u00e9cessaire dans le domaine social et juridique outre l\u2019appui scolaire.<\/p>\n<p>L\u2019histoire a commenc\u00e9 au moment o\u00f9 plusieurs jeunes se sont retrouv\u00e9s face \u00e0 l\u2019inconnu apr\u00e8s que l\u2019\u00e9tablissement qui les h\u00e9bergeait a \u00e9t\u00e9 contraint de suspendre ses aides \u00e0 ses pensionnaires \u00e0 cause de difficult\u00e9s administratives et de gestion. En ce moment, \u00ab\u00a0Mama Saida\u00a0\u00bb, \u00e9paul\u00e9e par quelques uns de ses amis, a d\u00e9cid\u00e9 de prendre en charge ces jeunes en les accompagnant tout au long de leurs cursus scolaires et m\u00eame apr\u00e8s pour trouver un emploi ou suivre une formation.<\/p>\n<p>En 2015, \u00ab\u00a0Mama Saida\u00a0\u00bb a cr\u00e9\u00e9 l\u2019association \u00ab\u00a0Idmaj des pensionnaires des maisons de bienfaisance\u00a0\u00bb pour accompagner ces jeunes aux niveaux de quatre \u00e9tablissements \u00e0 Ain Chock, Maison des filles 2 mars, Hay Hassani et Sidi Othmane.<\/p>\n<p>Dans un entretien \u00e0 la MAP, \u00ab\u00a0Mama Saida\u00a0\u00bb explique que l\u2019association offre \u00e0 cette cat\u00e9gorie le soutien scolaire, soulignant que l\u2019association dispose d\u2019un r\u00e9seau de 60 \u00e9tablissements scolaires priv\u00e9s partenaires et cherche des formations professionnelles dans divers domaines.<\/p>\n<p>L\u2019action de \u00ab\u00a0Mama Saida\u00a0\u00bb ne ce limite pas \u00e0 l\u2019accompagnement juridique, mais elle se charge \u00e9galement de chercher des formations et des stages pour les pensionnaires ayant des dipl\u00f4mes et leur permet de b\u00e9n\u00e9ficier de soins et d\u2019appui psychologiques assur\u00e9s par des professionnels.<\/p>\n<p>Interrog\u00e9e sur les actions men\u00e9es par l\u2019association en partenariat avec des entit\u00e9s qui travaillent dans le m\u00eame domaine, \u00ab\u00a0Mama Saida\u00a0\u00bb a indiqu\u00e9 que la conjugaison des efforts est le seul moyen pour r\u00e9ussir des actions associatives.<\/p>\n<p>\u00ab\u00a0J\u2019ai crois\u00e9 Tata Saida en 2009 lorsque j\u2019\u00e9tais pensionnaire d\u2019un \u00e9tablissement de protection social. C\u2019est une dame exceptionnelle et c\u2019est gr\u00e2ce \u00e0 elle que j\u2019ai pu acc\u00e9der au centre culturel am\u00e9ricain et \u00e0 un autre centre de formation en hostellerie. Elle est toujours \u00e0 nos c\u00f4t\u00e9s et travaille sans contre-partie. Elle m\u00e9rite toute l\u2019admiration\u00a0\u00bb, affirme Mohcine qui a c\u00f4toy\u00e9 Mama Saida et b\u00e9n\u00e9fici\u00e9 de son soutien.<\/p>\n<p>\u00ab\u00a0Je n\u2019oublierai jamais son soutien pour mon fr\u00e8re qui, m\u00eame sans abri, a pu b\u00e9n\u00e9fici\u00e9 des soins n\u00e9cessaires au moment o\u00f9 des entit\u00e9s hospitali\u00e8res ont refus\u00e9 de le prendre en charge\u00a0\u00bb.<\/p>\n<p>L\u2019histoire de Nabila est toute autre, les traits expressifs de son visage la raconte.\u00a0 \u00ab\u00a0J\u2019ai v\u00e9cu d\u00e8s l\u2019\u00e2ge de 13 ans dans l\u2019habit d\u2019un gar\u00e7on pour me faire prot\u00e9ger des dangers de la rue\u00a0\u00bb, se rappelle cette jeune, notant que \u00ab\u00a0durant trois ans, je me suis battue pour avoir une identit\u00e9 mais en vain, jusqu\u2019\u00e0 ce que j\u2019ai crois\u00e9 le chemin de Mama Saida\u00a0\u00bb.<\/p>\n<p>Cette noble dame m\u2019a \u00e9t\u00e9 d\u2019un grand soutien et m\u2019a totalement pris en charge\u00a0\u00bb, a pr\u00e9cis\u00e9 Nabila, ajoutant que Mama Saida couvre tous ses frais scolaires et de sant\u00e9.<\/p>\n<p>\u00ab\u00a0J\u2019ai pu gr\u00e2ce \u00e0 elle int\u00e9grer trois centres de langue et je me pr\u00e9pare pour travailler dans un centre d\u2019appel\u00a0\u00bb, a poursuivi Nabila, faisant savoir que gr\u00e2ce \u00e0 elle \u00ab\u00a0j\u2019ai pu jouir d\u2019une citoyennet\u00e9 compl\u00e8te\u00a0\u00bb.<\/p>\n<p>Actuellement, elle me fait don de son propre argent et c\u2019est gr\u00e2ce \u00e0 son soutien que je lutte pour avoir une carte d\u2019identit\u00e9, a-t-elle indiqu\u00e9.<\/p>\n<p>Le travail dans un centre d\u2019appel n\u2019est que le premier pas pour Nabila avant de b\u00e9n\u00e9ficier d\u2019une formation en coaching et int\u00e9grer par la suite l\u2019association et suivre l\u2019exemple de Mama Saida.<\/p>\n<p>Auteur: M&rsquo;hammed rahal<br \/>\n<a href=\"http:\/\/albayane.press.ma\/%EF%BB%BFmama-saida-la-marraine-des-jeunes-en-manque-de-soutien-familial.html\">Cliquez ici pour lire l&rsquo;article depuis sa source.<\/a><\/p>\n","protected":false},"excerpt":{"rendered":"<p>Fondatrice de l\u2019association \u00ab Idmaj des pensionnaires des maisons de bienfaisance Nezha BOULANDA)- MAP Du haut de ses 24 ans, Nabila se souvient d\u2019une enfance am\u00e8re partag\u00e9e entre les boulevards et ruelles de Casablanca o\u00f9 il a pass\u00e9 une bonne partie de sa vie avant que son chemin ne croise \u00ab\u00a0Mama Saida\u00a0\u00bb, celle qui deviendra [&hellip;]<\/p>\n","protected":false},"author":1760,"featured_media":0,"comment_status":"closed","ping_status":"closed","sticky":false,"template":"","format":"standard","meta":{"fifu_image_url":"","fifu_image_alt":"","footnotes":""},"categories":[73,54],"tags":[],"class_list":["post-115674","post","type-post","status-publish","format-standard","hentry","category-actualite","category-maroc"],"_links":{"self":[{"href":"https:\/\/linitiative.ca\/International\/wp-json\/wp\/v2\/posts\/115674","targetHints":{"allow":["GET"]}}],"collection":[{"href":"https:\/\/linitiative.ca\/International\/wp-json\/wp\/v2\/posts"}],"about":[{"href":"https:\/\/linitiative.ca\/International\/wp-json\/wp\/v2\/types\/post"}],"author":[{"embeddable":true,"href":"https:\/\/linitiative.ca\/International\/wp-json\/wp\/v2\/users\/1760"}],"replies":[{"embeddable":true,"href":"https:\/\/linitiative.ca\/International\/wp-json\/wp\/v2\/comments?post=115674"}],"version-history":[{"count":0,"href":"https:\/\/linitiative.ca\/International\/wp-json\/wp\/v2\/posts\/115674\/revisions"}],"wp:attachment":[{"href":"https:\/\/linitiative.ca\/International\/wp-json\/wp\/v2\/media?parent=115674"}],"wp:term":[{"taxonomy":"category","embeddable":true,"href":"https:\/\/linitiative.ca\/International\/wp-json\/wp\/v2\/categories?post=115674"},{"taxonomy":"post_tag","embeddable":true,"href":"https:\/\/linitiative.ca\/International\/wp-json\/wp\/v2\/tags?post=115674"}],"curies":[{"name":"wp","href":"https:\/\/api.w.org\/{rel}","templated":true}]}}