{"id":115675,"date":"2021-04-26T14:00:57","date_gmt":"2021-04-26T18:00:57","guid":{"rendered":"https:\/\/linitiative.ca\/International\/hausse-de-04-de-lipc-au-cours-du-mois-de-mars-dernier\/"},"modified":"2021-04-26T14:00:57","modified_gmt":"2021-04-26T18:00:57","slug":"hausse-de-04-de-lipc-au-cours-du-mois-de-mars-dernier","status":"publish","type":"post","link":"https:\/\/linitiative.ca\/International\/hausse-de-04-de-lipc-au-cours-du-mois-de-mars-dernier\/","title":{"rendered":"Hausse de 0,4% de l\u2019IPC au cours du mois de mars dernier"},"content":{"rendered":"<p class=\"has-text-color has-vivid-red-color c1\"><strong>Marrakech<\/strong><\/p>\n<p><strong>L\u2019Indice des Prix \u00e0 la Consommation (IPC) a connu au cours du mois de mars 2021 dans la ville de Marrakech, une hausse de 0,4% par rapport au mois pr\u00e9c\u00e9dent, en passant de 102,1 \u00e0 102,5.<\/strong><\/p>\n<p>Cette variation est le r\u00e9sultat d\u2019une hausse de 0,3% de l\u2019indice des produits alimentaires et de l\u2019indice des produits non alimentaires, a pr\u00e9cis\u00e9 la Direction r\u00e9gionale du Haut-Commissariat au Plan (HCP) \u00e0 Marrakech-Safi.<\/p>\n<p>Compar\u00e9 au m\u00eame mois de l\u2019ann\u00e9e pr\u00e9c\u00e9dente, l\u2019IPC du mois de f\u00e9vrier dans la ville de Marrakech, a enregistr\u00e9 une stagnation, cons\u00e9quence de la hausse de l\u2019indice des produits non alimentaires de 1,6% et de la baisse de celui des produits alimentaires de 2,5%.<\/p>\n<p>Pour ce qui est de l\u2019indice des trois premiers mois de 2021, il a connu une baisse de 0,1% par rapport \u00e0 la m\u00eame p\u00e9riode de 2020, en passant de 102,3 \u00e0 102,2, poursuit la m\u00eame source. Les variations des indices des produits non alimentaires observ\u00e9es entre f\u00e9vrier 2021 et mars 2021 touchent principalement la division de \u00ab\u00a0Transports\u00a0\u00bb, avec une hausse de 1,2%, et celle des \u00ab\u00a0Articles d\u2019habillements et chaussures\u00a0\u00bb, avec une baisse de 0,3%.<\/p>\n<p>Les indices des classes alimentaires ont enregistr\u00e9 entre f\u00e9vrier 2021 et mars 2021 une baisse notamment pour les prix des \u00ab\u00a0Poissons et Fruits de mer\u00a0\u00bb avec 3,1% et le \u00ab\u00a0Sucre, confiture, miel, chocolat et confiserie\u00a0\u00bb avec 0,1%, explique la m\u00eame source.<\/p>\n<p>En revanche les prix ont augment\u00e9 de 1,9% pour les \u00ab\u00a0L\u00e9gumes\u00a0\u00bb, de 1,5% pour les \u00ab\u00a0Fruits\u00a0\u00bb, de 0,6% pour les \u00ab\u00a0Graisses et huiles\u00a0\u00bb, de 0,5% pour les \u00ab\u00a0Viandes\u00a0\u00bb, et de 0,2% pour le \u00ab\u00a0Lait, fromage et \u0153ufs\u00a0\u00bb.<\/p>\n<p>Au niveau national, l\u2019IPC a connu, au cours du mois de mars dernier, une hausse de 0,2% par rapport au mois pr\u00e9c\u00e9dent.<\/p>\n<p>Cette variation est le r\u00e9sultat de la hausse de 0,3% de l\u2019indice des produits alimentaires et de 0,2% de l\u2019indice des produits non alimentaires.<\/p>\n<p>Les hausses des produits alimentaires observ\u00e9es entre f\u00e9vrier et mars 2021 concernent principalement les \u00ab\u00a0Fruits\u00a0\u00bb avec 1,6%, les \u00ab\u00a0Huiles et graisses\u00a0\u00bb avec 0,9%, les \u00ab\u00a0L\u00e9gumes\u00a0\u00bb avec 0,4%, et les \u00ab\u00a0viandes\u00a0\u00bb avec 0,3%.<\/p>\n<p>En revanche, les prix ont diminu\u00e9 de 1,4% pour les \u00ab\u00a0Poissons et fruits de mer\u00a0\u00bb et de 0,3% pour le \u00ab\u00a0Caf\u00e9, th\u00e9 et cacao\u00a0\u00bb. Pour les produits non alimentaires, la hausse a concern\u00e9 principalement les prix des \u00ab\u00a0carburants\u00a0\u00bb, avec 2,5%.<\/p>\n<p>Les hausses les plus importantes de l\u2019IPC ont \u00e9t\u00e9 enregistr\u00e9es \u00e0 Beni Mellal avec 0,9%, \u00e0 F\u00e8s et Dakhla avec 0,8% \u00e0 K\u00e9nitra, T\u00e9touan et Safi avec 0,5%, \u00e0 Marrakech et La\u00e2youne avec 0,4% et \u00e0 Mekn\u00e8s, Tanger, Settat et Al-Hoceima avec 0,3%.\u00a0 En revanche, une baisse a \u00e9t\u00e9 enregistr\u00e9e \u00e0 Oujda avec 0,1%, conclut la m\u00eame source.<\/p>\n<p>Auteur: M&rsquo;hammed rahal<br \/>\n<a href=\"http:\/\/albayane.press.ma\/hausse-de-04-de-lipc-au-cours-du-mois-de-mars-dernier.html\">Cliquez ici pour lire l&rsquo;article depuis sa source.<\/a><\/p>\n","protected":false},"excerpt":{"rendered":"<p>Marrakech L\u2019Indice des Prix \u00e0 la Consommation (IPC) a connu au cours du mois de mars 2021 dans la ville de Marrakech, une hausse de 0,4% par rapport au mois pr\u00e9c\u00e9dent, en passant de 102,1 \u00e0 102,5. Cette variation est le r\u00e9sultat d\u2019une hausse de 0,3% de l\u2019indice des produits alimentaires et de l\u2019indice des [&hellip;]<\/p>\n","protected":false},"author":1760,"featured_media":0,"comment_status":"closed","ping_status":"closed","sticky":false,"template":"","format":"standard","meta":{"fifu_image_url":"","fifu_image_alt":"","footnotes":""},"categories":[73,54],"tags":[],"class_list":["post-115675","post","type-post","status-publish","format-standard","hentry","category-actualite","category-maroc"],"_links":{"self":[{"href":"https:\/\/linitiative.ca\/International\/wp-json\/wp\/v2\/posts\/115675","targetHints":{"allow":["GET"]}}],"collection":[{"href":"https:\/\/linitiative.ca\/International\/wp-json\/wp\/v2\/posts"}],"about":[{"href":"https:\/\/linitiative.ca\/International\/wp-json\/wp\/v2\/types\/post"}],"author":[{"embeddable":true,"href":"https:\/\/linitiative.ca\/International\/wp-json\/wp\/v2\/users\/1760"}],"replies":[{"embeddable":true,"href":"https:\/\/linitiative.ca\/International\/wp-json\/wp\/v2\/comments?post=115675"}],"version-history":[{"count":0,"href":"https:\/\/linitiative.ca\/International\/wp-json\/wp\/v2\/posts\/115675\/revisions"}],"wp:attachment":[{"href":"https:\/\/linitiative.ca\/International\/wp-json\/wp\/v2\/media?parent=115675"}],"wp:term":[{"taxonomy":"category","embeddable":true,"href":"https:\/\/linitiative.ca\/International\/wp-json\/wp\/v2\/categories?post=115675"},{"taxonomy":"post_tag","embeddable":true,"href":"https:\/\/linitiative.ca\/International\/wp-json\/wp\/v2\/tags?post=115675"}],"curies":[{"name":"wp","href":"https:\/\/api.w.org\/{rel}","templated":true}]}}