{"id":115676,"date":"2021-04-26T14:00:58","date_gmt":"2021-04-26T18:00:58","guid":{"rendered":"https:\/\/linitiative.ca\/International\/%ef%bb%bfentre-deux-revolutions-des-demi-finales-comme-une-bouffee-dair\/"},"modified":"2021-04-26T14:00:58","modified_gmt":"2021-04-26T18:00:58","slug":"%ef%bb%bfentre-deux-revolutions-des-demi-finales-comme-une-bouffee-dair","status":"publish","type":"post","link":"https:\/\/linitiative.ca\/International\/%ef%bb%bfentre-deux-revolutions-des-demi-finales-comme-une-bouffee-dair\/","title":{"rendered":"\ufeffEntre deux r\u00e9volutions, des demi-finales comme une bouff\u00e9e d\u2019air"},"content":{"rendered":"<p class=\"has-text-color has-vivid-cyan-blue-color c1\"><strong>Ligue des Champions<\/strong><\/p>\n<p><strong>Apr\u00e8s avoir r\u00e9sist\u00e9 au s\u00e9isme de l\u2019\u00e9ph\u00e9m\u00e8re Super Ligue, la Ligue des champions reprend mardi avec des demi-finales all\u00e9chantes, mais sa situation reste fragile en dehors des terrains, \u00e0 cause du nouveau format attendu en 2024, qui peine \u00e0 convaincre.<\/strong><\/p>\n<p>Le calme apr\u00e8s la temp\u00eate ? Pas vraiment. L\u2019abandon express de la Super Ligue, tournoi priv\u00e9 et quasi ferm\u00e9, soutenu par douze grands clubs comme le Real Madrid et la Juventus, a constitu\u00e9 une victoire pour les instances, joueurs et supporters qui l\u2019ont d\u00e9nonc\u00e9e.<\/p>\n<p>Aujourd\u2019hui, l\u2019UEFA s\u2019attelle \u00e0 \u00ab\u00a0reb\u00e2tir l\u2019unit\u00e9\u00a0\u00bb d\u2019une Europe du foot morcel\u00e9e comme jamais, comme l\u2019a indiqu\u00e9 son pr\u00e9sident Aleksander Ceferin.<\/p>\n<p>Avec les affiches Real Madrid-Chelsea (mardi) et PSG-Manchester City (mercredi), le dirigeant slov\u00e8ne a de quoi r\u00e9unir tout le monde autour de sa t\u00e9l\u00e9vision, tant ces demi-finales aller, \u00e0 huis clos, s\u2019annoncent ind\u00e9cises.<\/p>\n<p>Zidane, trois fois vainqueur de la comp\u00e9tition comme entra\u00eeneur avec le Real entre 2016 et 2018, a d\u2019autres casse-t\u00eate \u00e0 g\u00e9rer, notamment la gestion des nombreuses absences, m\u00eame si Eden Hazard, pass\u00e9 par Chelsea, devrait bien \u00eatre de la f\u00eate.<\/p>\n<p>En face, l\u2019entra\u00eeneur Thomas Tuchel, arriv\u00e9 chez les \u00ab\u00a0Blues\u00a0\u00bb en janvier apr\u00e8s avoir \u00e9t\u00e9 d\u00e9barqu\u00e9 du Paris SG, a fait du club anglais une forteresse: il n\u2019a perdu que deux fois en 21 rencontres.<\/p>\n<p>Avec leurs effectifs pl\u00e9thoriques, le PSG et Manchester City apparaissent comme les pr\u00e9tendants les mieux arm\u00e9s pour triompher lors de la finale \u00e0 Istanbul le 29 mai.<\/p>\n<p>Les Parisiens, pour la premi\u00e8re fois depuis plusieurs mois, n\u2019ont presque plus personne \u00e0 l\u2019infirmerie. Pour eux, c\u2019est le moment de briller, avant de basculer vers un avenir incertain.<\/p>\n<p>Auteur: M&rsquo;hammed rahal<br \/>\n<a href=\"http:\/\/albayane.press.ma\/%EF%BB%BFentre-deux-revolutions-des-demi-finales-comme-une-bouffee-dair.html\">Cliquez ici pour lire l&rsquo;article depuis sa source.<\/a><\/p>\n","protected":false},"excerpt":{"rendered":"<p>Ligue des Champions Apr\u00e8s avoir r\u00e9sist\u00e9 au s\u00e9isme de l\u2019\u00e9ph\u00e9m\u00e8re Super Ligue, la Ligue des champions reprend mardi avec des demi-finales all\u00e9chantes, mais sa situation reste fragile en dehors des terrains, \u00e0 cause du nouveau format attendu en 2024, qui peine \u00e0 convaincre. Le calme apr\u00e8s la temp\u00eate ? Pas vraiment. L\u2019abandon express de la [&hellip;]<\/p>\n","protected":false},"author":1760,"featured_media":0,"comment_status":"closed","ping_status":"closed","sticky":false,"template":"","format":"standard","meta":{"fifu_image_url":"","fifu_image_alt":"","footnotes":""},"categories":[73,54],"tags":[],"class_list":["post-115676","post","type-post","status-publish","format-standard","hentry","category-actualite","category-maroc"],"_links":{"self":[{"href":"https:\/\/linitiative.ca\/International\/wp-json\/wp\/v2\/posts\/115676","targetHints":{"allow":["GET"]}}],"collection":[{"href":"https:\/\/linitiative.ca\/International\/wp-json\/wp\/v2\/posts"}],"about":[{"href":"https:\/\/linitiative.ca\/International\/wp-json\/wp\/v2\/types\/post"}],"author":[{"embeddable":true,"href":"https:\/\/linitiative.ca\/International\/wp-json\/wp\/v2\/users\/1760"}],"replies":[{"embeddable":true,"href":"https:\/\/linitiative.ca\/International\/wp-json\/wp\/v2\/comments?post=115676"}],"version-history":[{"count":0,"href":"https:\/\/linitiative.ca\/International\/wp-json\/wp\/v2\/posts\/115676\/revisions"}],"wp:attachment":[{"href":"https:\/\/linitiative.ca\/International\/wp-json\/wp\/v2\/media?parent=115676"}],"wp:term":[{"taxonomy":"category","embeddable":true,"href":"https:\/\/linitiative.ca\/International\/wp-json\/wp\/v2\/categories?post=115676"},{"taxonomy":"post_tag","embeddable":true,"href":"https:\/\/linitiative.ca\/International\/wp-json\/wp\/v2\/tags?post=115676"}],"curies":[{"name":"wp","href":"https:\/\/api.w.org\/{rel}","templated":true}]}}