{"id":115677,"date":"2021-04-27T07:47:57","date_gmt":"2021-04-27T11:47:57","guid":{"rendered":"https:\/\/linitiative.ca\/International\/attentat-de-rambouillet-les-tunisiens-a-letranger-sindignent\/"},"modified":"2021-04-27T07:47:57","modified_gmt":"2021-04-27T11:47:57","slug":"attentat-de-rambouillet-les-tunisiens-a-letranger-sindignent","status":"publish","type":"post","link":"https:\/\/linitiative.ca\/International\/attentat-de-rambouillet-les-tunisiens-a-letranger-sindignent\/","title":{"rendered":"Attentat de Rambouillet : les Tunisiens \u00e0 l\u2019\u00e9tranger s\u2019indignent"},"content":{"rendered":"<div class=\"td-post-content\">\n<h2>Suite \u00e0\u00a0<a href=\"http:\/\/www.leconomistemaghrebin.com\/2021\/04\/26\/attentat-rambouillet-assaillant-tunisien-souffrait-troubles-mentaux\/\" target=\"_blank\" rel=\"noopener noreferrer\">l\u2019attentat de Rambouillet<\/a>\u00a0contre une fonctionnaire de la Police par un tunisien r\u00e9sident en France, des Tunisien(ne)s de France et d\u2019Europe ont, dans une d\u00e9claration sign\u00e9e par 23 organisations de l\u2019immigration et plus de 90 personnalit\u00e9s en France et en Europe, condamn\u00e9, avec la plus grande vigueur, cet assassinat sauvage. Ils ont aussi exprim\u00e9 leurs plus sinc\u00e8res condol\u00e9ances aux enfants de la victime, \u00e0 sa famille ainsi qu\u2019\u00e0 ses coll\u00e8gues de travail.<\/h2>\n<p>Ces Tunisien(ne)s, franco-tunisien(ne)s, membres d\u2019associations de la soci\u00e9t\u00e9 civile en France et en Europe ont exprim\u00e9 \u00e0 la fois leur effroi et leur col\u00e8re face \u00e0 la multiplication de ces\u00a0<a href=\"https:\/\/fr.wikipedia.org\/wiki\/Assassinat_de_Samuel_Paty\" target=\"_blank\" rel=\"noopener noreferrer\">actes terroristes<\/a>\u00a0d\u2019autant plus que des tunisiens en sont les auteurs.<\/p>\n<p>\u00ab\u00a0Certes, ces assassins ne sont qu\u2019une infime minorit\u00e9 au regard des centaines de milliers de Tunisien(ne)s qui vivent et travaillent paisiblement en France. Mais ce n\u2019est malheureusement pas la premi\u00e8re fois que des Tunisiens sont ainsi directement impliqu\u00e9s dans des actes et assassinats terroristes en France\u00a0\u00bb, rappellent les signataires de cette m\u00eame d\u00e9claration.<\/p>\n<p>Et d\u2019ajouter que ces attentats et actes terroristes viennent \u00e9galement rappeler que la Tunisie subit, depuis longtemps et plus encore ces derni\u00e8res ann\u00e9es, le terrorisme djihadiste et les assassinats politiques.<\/p>\n<p>\u00ab\u00a0[\u2026] le terrorisme n\u2019a ni nationalit\u00e9 ni patrie. La multiplicit\u00e9 des actes terroristes perp\u00e9tr\u00e9s par des ressortissants tunisiens dans plusieurs pays ne peut nous laisser indiff\u00e9rents\u00a0\u00bb, affirment les signataires.<\/p>\n<h2>Engager un v\u00e9ritable d\u00e9bat national<\/h2>\n<p>En effet, les Tunisien(ne)s de France et d\u2019Europe, comme d\u2019ailleurs l\u2019\u00e9crasante majorit\u00e9 des Tunisien(ne)s et de la soci\u00e9t\u00e9 civile en Tunisie, se sentent interpell\u00e9s. Car, ajoutent-ils, ne voient nulles initiatives s\u00e9rieuses et nulle volont\u00e9 des autorit\u00e9s tunisiennes, en dehors des d\u00e9clarations de principe. Et ce pour v\u00e9ritablement endiguer ce ph\u00e9nom\u00e8ne terroriste et mettre fin \u00e0 ce \u00ab cancer \u00bb.<\/p>\n<p>Les Tunisiens \u00e0 l\u2019\u00e9tranger consid\u00e8rent aussi \u00ab\u00a0qu\u2019une d\u00e9rive extr\u00e9miste jihadiste dont les racines profondes r\u00e9v\u00e8lent surtout l\u2019abandon par l\u2019Etat de ses responsabilit\u00e9s en mati\u00e8re d\u2019\u00e9ducation, de sant\u00e9, de travail, de culture, de justice \u2026 et laiss\u00e9 du m\u00eame coup des pans entiers de la soci\u00e9t\u00e9 et des rouages de l\u2019Etat aux mains d\u2019id\u00e9ologues manipulateurs et au profit des r\u00e9seaux terroristes\u00a0\u00bb.<\/p>\n<p>Au final, ces Tunisien(ne)s, franco-tunisien(ne)s, membres d\u2019associations de la soci\u00e9t\u00e9 civile en France et en Europe ont appel\u00e9 fermement les autorit\u00e9s tunisiennes et l\u2019ensemble de la classe politique \u00e0 engager- sans d\u00e9lais- un v\u00e9ritable d\u00e9bat national. Et ce conform\u00e9ment \u00e0 l\u2019esprit et la lettre de la constitution tunisienne.<\/p>\n<p><strong><em>E.M<\/em><\/strong><\/p>\n<\/div>\n<footer>\n<div class=\"td-post-source-tags\">\n<ul class=\"td-tags td-post-small-box clearfix\">\n<li><strong>leconomistemaghrebin<\/strong><\/li>\n<\/ul>\n<\/div>\n<\/footer>\n<div class=\"wp-post-author-wrap wp-post-author-shortcode left\">\n<h3 class=\"awpa-title\"\/>\n<div class=\"wp-post-author\">\n<div class=\"awpa-img awpa-author-block square\"><a href=\"http:\/\/lexpertjournal.net\/fr\/?author=5\"><img loading=\"lazy\" decoding=\"async\" alt=\"\" src=\"http:\/\/0.gravatar.com\/avatar\/97f8e10a1c1125ba104a76514ee07b16?s=150&amp;d=mm&amp;r=g\" srcset=\"http:\/\/0.gravatar.com\/avatar\/97f8e10a1c1125ba104a76514ee07b16?s=300&amp;d=mm&amp;r=g 2x\" class=\"avatar avatar-150 photo\" height=\"150\" width=\"150\"\/><\/a><\/div>\n<\/div>\n<\/div>\n<aside class=\"mashsb-container mashsb-main mashsb-stretched\">\n<\/aside>\n<p>Auteur: L&rsquo;expert<br \/>\n<a href=\"http:\/\/lexpertjournal.net\/fr\/?p=19810\">Cliquez ici pour lire l&rsquo;article depuis sa source.<\/a><\/p>\n","protected":false},"excerpt":{"rendered":"<p>Suite \u00e0\u00a0l\u2019attentat de Rambouillet\u00a0contre une fonctionnaire de la Police par un tunisien r\u00e9sident en France, des Tunisien(ne)s de France et d\u2019Europe ont, dans une d\u00e9claration sign\u00e9e par 23 organisations de l\u2019immigration et plus de 90 personnalit\u00e9s en France et en Europe, condamn\u00e9, avec la plus grande vigueur, cet assassinat sauvage. Ils ont aussi exprim\u00e9 leurs [&hellip;]<\/p>\n","protected":false},"author":1775,"featured_media":0,"comment_status":"closed","ping_status":"closed","sticky":false,"template":"","format":"standard","meta":{"fifu_image_url":"http:\/\/0.gravatar.com\/avatar\/97f8e10a1c1125ba104a76514ee07b16?s=150&d=mm&r=g","fifu_image_alt":"Attentat de Rambouillet : les Tunisiens \u00e0 l\u2019\u00e9tranger s\u2019indignent","footnotes":""},"categories":[78,55],"tags":[],"class_list":["post-115677","post","type-post","status-publish","format-standard","hentry","category-economie","category-tunisie"],"_links":{"self":[{"href":"https:\/\/linitiative.ca\/International\/wp-json\/wp\/v2\/posts\/115677","targetHints":{"allow":["GET"]}}],"collection":[{"href":"https:\/\/linitiative.ca\/International\/wp-json\/wp\/v2\/posts"}],"about":[{"href":"https:\/\/linitiative.ca\/International\/wp-json\/wp\/v2\/types\/post"}],"author":[{"embeddable":true,"href":"https:\/\/linitiative.ca\/International\/wp-json\/wp\/v2\/users\/1775"}],"replies":[{"embeddable":true,"href":"https:\/\/linitiative.ca\/International\/wp-json\/wp\/v2\/comments?post=115677"}],"version-history":[{"count":0,"href":"https:\/\/linitiative.ca\/International\/wp-json\/wp\/v2\/posts\/115677\/revisions"}],"wp:attachment":[{"href":"https:\/\/linitiative.ca\/International\/wp-json\/wp\/v2\/media?parent=115677"}],"wp:term":[{"taxonomy":"category","embeddable":true,"href":"https:\/\/linitiative.ca\/International\/wp-json\/wp\/v2\/categories?post=115677"},{"taxonomy":"post_tag","embeddable":true,"href":"https:\/\/linitiative.ca\/International\/wp-json\/wp\/v2\/tags?post=115677"}],"curies":[{"name":"wp","href":"https:\/\/api.w.org\/{rel}","templated":true}]}}