{"id":115679,"date":"2021-04-27T08:02:23","date_gmt":"2021-04-27T12:02:23","guid":{"rendered":"https:\/\/linitiative.ca\/International\/faouzi-mehdi-le-taux-de-remplissage-des-lits-a-appareils-respiratoires-est-de-85\/"},"modified":"2021-04-27T08:02:23","modified_gmt":"2021-04-27T12:02:23","slug":"faouzi-mehdi-le-taux-de-remplissage-des-lits-a-appareils-respiratoires-est-de-85","status":"publish","type":"post","link":"https:\/\/linitiative.ca\/International\/faouzi-mehdi-le-taux-de-remplissage-des-lits-a-appareils-respiratoires-est-de-85\/","title":{"rendered":"Faouzi Mehdi: \u00ab\u00a0Le taux de remplissage des lits \u00e0 appareils respiratoires est de 85%\u00a0\u00bb"},"content":{"rendered":"<p>Le ministre de la Sant\u00e9, Faouzi Mehdi a indiqu\u00e9 ce mardi 27 avril \u00e0 l\u2019ARP que le taux de remplissage des lits \u00e9quip\u00e9s d\u2019appareils respiratoires dans les h\u00f4pitaux est de 85%.<\/p>\n<p>\u00ab\u00a0Gr\u00e2ce \u00e0 l\u2019Alg\u00e9rie, le probl\u00e8me de l\u2019oxyg\u00e8ne a \u00e9t\u00e9 d\u00e9pass\u00e9, par l\u2019injection de quantit\u00e9s suppl\u00e9mentaires du gaz import\u00e9, servant \u00e0 le fabriquer\u00a0\u00bb, a estim\u00e9 le ministre, qui ajoute que des respirateurs artificiels ont \u00e9galement \u00e9t\u00e9 achet\u00e9s.<\/p>\n<p>Le ministre a par ailleurs rappel\u00e9 qu\u2019il reste \u00e0 ce jour 30 millions DT de la somme r\u00e9colt\u00e9e par le fonds 1818 de lutte contre le coronavirus.<\/p>\n<p><strong>espacemanager<\/strong><\/p>\n<div class=\"wp-post-author-wrap wp-post-author-shortcode left\">\n<h3 class=\"awpa-title\"\/>\n<div class=\"wp-post-author\">\n<div class=\"awpa-img awpa-author-block square\"><a href=\"http:\/\/lexpertjournal.net\/fr\/?author=5\"><img loading=\"lazy\" decoding=\"async\" alt=\"\" src=\"http:\/\/0.gravatar.com\/avatar\/97f8e10a1c1125ba104a76514ee07b16?s=150&amp;d=mm&amp;r=g\" srcset=\"http:\/\/0.gravatar.com\/avatar\/97f8e10a1c1125ba104a76514ee07b16?s=300&amp;d=mm&amp;r=g 2x\" class=\"avatar avatar-150 photo\" height=\"150\" width=\"150\"\/><\/a><\/div>\n<\/div>\n<\/div>\n<aside class=\"mashsb-container mashsb-main mashsb-stretched\">\n<\/aside>\n<p>Auteur: L&rsquo;expert<br \/>\n<a href=\"http:\/\/lexpertjournal.net\/fr\/?p=19817\">Cliquez ici pour lire l&rsquo;article depuis sa source.<\/a><\/p>\n","protected":false},"excerpt":{"rendered":"<p>Le ministre de la Sant\u00e9, Faouzi Mehdi a indiqu\u00e9 ce mardi 27 avril \u00e0 l\u2019ARP que le taux de remplissage des lits \u00e9quip\u00e9s d\u2019appareils respiratoires dans les h\u00f4pitaux est de 85%. \u00ab\u00a0Gr\u00e2ce \u00e0 l\u2019Alg\u00e9rie, le probl\u00e8me de l\u2019oxyg\u00e8ne a \u00e9t\u00e9 d\u00e9pass\u00e9, par l\u2019injection de quantit\u00e9s suppl\u00e9mentaires du gaz import\u00e9, servant \u00e0 le fabriquer\u00a0\u00bb, a estim\u00e9 [&hellip;]<\/p>\n","protected":false},"author":1775,"featured_media":0,"comment_status":"closed","ping_status":"closed","sticky":false,"template":"","format":"standard","meta":{"fifu_image_url":"http:\/\/0.gravatar.com\/avatar\/97f8e10a1c1125ba104a76514ee07b16?s=150&d=mm&r=g","fifu_image_alt":"Faouzi Mehdi: \u00ab\u00a0Le taux de remplissage des lits \u00e0 appareils respiratoires est de 85%\u00a0\u00bb","footnotes":""},"categories":[78,55],"tags":[],"class_list":["post-115679","post","type-post","status-publish","format-standard","hentry","category-economie","category-tunisie"],"_links":{"self":[{"href":"https:\/\/linitiative.ca\/International\/wp-json\/wp\/v2\/posts\/115679","targetHints":{"allow":["GET"]}}],"collection":[{"href":"https:\/\/linitiative.ca\/International\/wp-json\/wp\/v2\/posts"}],"about":[{"href":"https:\/\/linitiative.ca\/International\/wp-json\/wp\/v2\/types\/post"}],"author":[{"embeddable":true,"href":"https:\/\/linitiative.ca\/International\/wp-json\/wp\/v2\/users\/1775"}],"replies":[{"embeddable":true,"href":"https:\/\/linitiative.ca\/International\/wp-json\/wp\/v2\/comments?post=115679"}],"version-history":[{"count":0,"href":"https:\/\/linitiative.ca\/International\/wp-json\/wp\/v2\/posts\/115679\/revisions"}],"wp:attachment":[{"href":"https:\/\/linitiative.ca\/International\/wp-json\/wp\/v2\/media?parent=115679"}],"wp:term":[{"taxonomy":"category","embeddable":true,"href":"https:\/\/linitiative.ca\/International\/wp-json\/wp\/v2\/categories?post=115679"},{"taxonomy":"post_tag","embeddable":true,"href":"https:\/\/linitiative.ca\/International\/wp-json\/wp\/v2\/tags?post=115679"}],"curies":[{"name":"wp","href":"https:\/\/api.w.org\/{rel}","templated":true}]}}