{"id":115680,"date":"2021-04-27T08:20:54","date_gmt":"2021-04-27T12:20:54","guid":{"rendered":"https:\/\/linitiative.ca\/International\/tunisie-demantelement-dun-reseau-specialise-dans-le-financement-du-terrorisme\/"},"modified":"2021-04-27T08:20:54","modified_gmt":"2021-04-27T12:20:54","slug":"tunisie-demantelement-dun-reseau-specialise-dans-le-financement-du-terrorisme","status":"publish","type":"post","link":"https:\/\/linitiative.ca\/International\/tunisie-demantelement-dun-reseau-specialise-dans-le-financement-du-terrorisme\/","title":{"rendered":"Tunisie : d\u00e9mant\u00e8lement d\u2019un r\u00e9seau sp\u00e9cialis\u00e9 dans le financement du terrorisme"},"content":{"rendered":"<div class=\"td-post-content\">\n<h2>Un r\u00e9seau sp\u00e9cialis\u00e9 dans le financement du terrorisme dans les zones de conflits arm\u00e9s vient d\u2019\u00eatre d\u00e9mantel\u00e9. C\u2019est ce qu\u2019a indiqu\u00e9, mardi, le Colonel Houssem Eddine Jebabli, porte-parole de la\u00a0<a href=\"https:\/\/www.interieur.gov.tn\/fr\/\" target=\"_blank\" rel=\"noopener noreferrer\">Garde nationale<\/a>.<\/h2>\n<p>Ce r\u00e9seau finance le terrorisme et des\u00a0<a href=\"http:\/\/www.leconomistemaghrebin.com\/2019\/11\/11\/retour-elements-terroristes-ministere-interieur-dementi\/\">\u00e9l\u00e9ments terroristes<\/a>\u00a0se trouvant dans des zones de conflits arm\u00e9s, a-t-il pr\u00e9cis\u00e9. Le colonel a affirm\u00e9 qu\u2019un \u00e9tranger de nationalit\u00e9 arabe et son \u00e9pouse tunisienne dirigent ce r\u00e9seau. Tous les deux r\u00e9sident dans un pays europ\u00e9en. \u00ab\u00a0Deux autres membres du r\u00e9seau, actifs depuis la Tunisie, ont \u00e9t\u00e9 arr\u00eat\u00e9s (un homme et une femme). Alors qu\u2019un troisi\u00e8me, un contrebandier originaire de la ville d\u2019El Jem, est toujours en fuite\u00a0\u00bb.<\/p>\n<p>Le Colonel Jebabli a indiqu\u00e9 que les perquisitions men\u00e9es aux domiciles des \u00e9l\u00e9ments impliqu\u00e9s dans l\u2019affaire, ont permis la saisie de sommes d\u2019argents en dinar tunisien et en devises \u00e9trang\u00e8res ainsi que des documents bancaires et postaux r\u00e9serv\u00e9s aux transferts de fonds. Lors de l\u2019interrogatoire, les deux membres du r\u00e9seau qui ont \u00e9t\u00e9 arr\u00eat\u00e9s ont reconnu que \u00ab\u00a0plus de quinze terroristes ont b\u00e9n\u00e9fici\u00e9 de transferts d\u2019argent de la part de leurs familles en Tunisie\u00a0\u00bb.<\/p>\n<p>Jebabli a, en outre, fait savoir que les deux personnes arr\u00eat\u00e9es ont comparu devant la justice. Le juge d\u2019instruction a \u00e9mis un mandat de d\u00e9p\u00f4t \u00e0 l\u2019encontre de l\u2019un des deux individus et d\u00e9cid\u00e9 de laisser le deuxi\u00e8me (la femme) en libert\u00e9.<br \/>\u00ab\u00a0Le juge d\u2019instruction a \u00e9mis Seize autres mandats de recherche dans le cadre de cette enqu\u00eate\u00a0\u00bb, a ajout\u00e9 le porte-parole de la Garde nationale.<\/p>\n<p>Ce r\u00e9seau a \u00e9t\u00e9 d\u00e9mantel\u00e9 par l\u2019Unit\u00e9 nationale de recherche dans les crimes terroristes, relevant de la Direction de la lutte contre le terrorisme de la Garde nationale, sous la supervision du parquet aupr\u00e8s du P\u00f4le judiciaire de lutte antiterroriste, selon la m\u00eame source.<\/p>\n<p>Avec TAP<\/p>\n<\/div>\n<footer>\n<\/footer>\n<div class=\"wp-post-author-wrap wp-post-author-shortcode left\">\n<h3 class=\"awpa-title\"\/>\n<div class=\"wp-post-author\">\n<div class=\"awpa-img awpa-author-block square\"><a href=\"http:\/\/lexpertjournal.net\/fr\/?author=5\"><img loading=\"lazy\" decoding=\"async\" alt=\"\" src=\"http:\/\/0.gravatar.com\/avatar\/97f8e10a1c1125ba104a76514ee07b16?s=150&amp;d=mm&amp;r=g\" srcset=\"http:\/\/0.gravatar.com\/avatar\/97f8e10a1c1125ba104a76514ee07b16?s=300&amp;d=mm&amp;r=g 2x\" class=\"avatar avatar-150 photo\" height=\"150\" width=\"150\"\/><\/a><\/div>\n<\/div>\n<\/div>\n<aside class=\"mashsb-container mashsb-main mashsb-stretched\">\n<\/aside>\n<p>Auteur: L&rsquo;expert<br \/>\n<a href=\"http:\/\/lexpertjournal.net\/fr\/?p=19820\">Cliquez ici pour lire l&rsquo;article depuis sa source.<\/a><\/p>\n","protected":false},"excerpt":{"rendered":"<p>Un r\u00e9seau sp\u00e9cialis\u00e9 dans le financement du terrorisme dans les zones de conflits arm\u00e9s vient d\u2019\u00eatre d\u00e9mantel\u00e9. C\u2019est ce qu\u2019a indiqu\u00e9, mardi, le Colonel Houssem Eddine Jebabli, porte-parole de la\u00a0Garde nationale. Ce r\u00e9seau finance le terrorisme et des\u00a0\u00e9l\u00e9ments terroristes\u00a0se trouvant dans des zones de conflits arm\u00e9s, a-t-il pr\u00e9cis\u00e9. Le colonel a affirm\u00e9 qu\u2019un \u00e9tranger de [&hellip;]<\/p>\n","protected":false},"author":1775,"featured_media":0,"comment_status":"closed","ping_status":"closed","sticky":false,"template":"","format":"standard","meta":{"fifu_image_url":"http:\/\/0.gravatar.com\/avatar\/97f8e10a1c1125ba104a76514ee07b16?s=150&d=mm&r=g","fifu_image_alt":"Tunisie : d\u00e9mant\u00e8lement d\u2019un r\u00e9seau sp\u00e9cialis\u00e9 dans le financement du terrorisme","footnotes":""},"categories":[78,55],"tags":[],"class_list":["post-115680","post","type-post","status-publish","format-standard","hentry","category-economie","category-tunisie"],"_links":{"self":[{"href":"https:\/\/linitiative.ca\/International\/wp-json\/wp\/v2\/posts\/115680","targetHints":{"allow":["GET"]}}],"collection":[{"href":"https:\/\/linitiative.ca\/International\/wp-json\/wp\/v2\/posts"}],"about":[{"href":"https:\/\/linitiative.ca\/International\/wp-json\/wp\/v2\/types\/post"}],"author":[{"embeddable":true,"href":"https:\/\/linitiative.ca\/International\/wp-json\/wp\/v2\/users\/1775"}],"replies":[{"embeddable":true,"href":"https:\/\/linitiative.ca\/International\/wp-json\/wp\/v2\/comments?post=115680"}],"version-history":[{"count":0,"href":"https:\/\/linitiative.ca\/International\/wp-json\/wp\/v2\/posts\/115680\/revisions"}],"wp:attachment":[{"href":"https:\/\/linitiative.ca\/International\/wp-json\/wp\/v2\/media?parent=115680"}],"wp:term":[{"taxonomy":"category","embeddable":true,"href":"https:\/\/linitiative.ca\/International\/wp-json\/wp\/v2\/categories?post=115680"},{"taxonomy":"post_tag","embeddable":true,"href":"https:\/\/linitiative.ca\/International\/wp-json\/wp\/v2\/tags?post=115680"}],"curies":[{"name":"wp","href":"https:\/\/api.w.org\/{rel}","templated":true}]}}