{"id":115682,"date":"2021-04-27T08:38:00","date_gmt":"2021-04-27T12:38:00","guid":{"rendered":"https:\/\/linitiative.ca\/International\/le-journaliste-de-liberte-rabah-kareche-reste-en-prison\/"},"modified":"2021-04-27T08:38:00","modified_gmt":"2021-04-27T12:38:00","slug":"le-journaliste-de-liberte-rabah-kareche-reste-en-prison","status":"publish","type":"post","link":"https:\/\/linitiative.ca\/International\/le-journaliste-de-liberte-rabah-kareche-reste-en-prison\/","title":{"rendered":"Le journaliste de Libert\u00e9, Rabah Kar\u00e8che, reste en prison"},"content":{"rendered":"<div id=\"originalText\" readability=\"62\">\n<p>La chambre d\u2019accusation du tribunal de Tamanrasset a rejet\u00e9, ce mardi, la demande de libert\u00e9 provisoire introduite par la d\u00e9fense du journaliste de Libert\u00e9, Rabah Kar\u00e8che, correspondant \u00e0 Tamanrasset.\u00a0\u00a0<\/p>\n<p>Rabah Kar\u00e8che a \u00e9t\u00e9 plac\u00e9 sous mandat de d\u00e9p\u00f4t, lundi dernier, apr\u00e8s avoir pass\u00e9 la nuit dans les locaux du commissariat central, puis pr\u00e9sent\u00e9, le lendemain, devant le procureur de la r\u00e9publique, et ensuite le juge d\u2019instruction pr\u00e8s le tribunal de Tamanrasset.<\/p>\n<p>Pour rappel, la convocation de notre journaliste, par les services de police, est intervenue apr\u00e8s la publication dans l\u2019\u00e9dition du dimanche 18 avril de Libert\u00e9, d\u2019un article sur une manifestation de citoyens contre le nouveau d\u00e9coupage territorial.<\/p>\n<p>Rabah Kar\u00e8che est poursuivi pour \u00ab atteinte \u00e0 l\u2019int\u00e9grit\u00e9 du territoire national \u00bb, \u00ab publication volontaire de fausses informations susceptibles de porter atteindre \u00e0 l\u2019ordre public \u00bb et \u00ab diffusion volontaire de fausses informations susceptibles d\u2019attenter \u00e0 l\u2019ordre public et usage de divers moyens pour porter atteinte \u00e0 la s\u00fbret\u00e9 et l\u2019unit\u00e9 nationales \u00bb.\u00a0<\/p>\n<p class=\"c6\"><strong>R\u00e9daction WEB<\/strong><\/p>\n<\/div>\n<div id=\"text_core\" readability=\"62\">\n<p>La chambre d\u2019accusation du tribunal de Tamanrasset a rejet\u00e9, ce mardi, la demande de libert\u00e9 provisoire introduite par la d\u00e9fense du journaliste de Libert\u00e9, Rabah Kar\u00e8che, correspondant \u00e0 Tamanrasset.\u00a0\u00a0<\/p>\n<p>Rabah Kar\u00e8che a \u00e9t\u00e9 plac\u00e9 sous mandat de d\u00e9p\u00f4t, lundi dernier, apr\u00e8s avoir pass\u00e9 la nuit dans les locaux du commissariat central, puis pr\u00e9sent\u00e9, le lendemain, devant le procureur de la r\u00e9publique, et ensuite le juge d\u2019instruction pr\u00e8s le tribunal de Tamanrasset.<\/p>\n<p>Pour rappel, la convocation de notre journaliste, par les services de police, est intervenue apr\u00e8s la publication dans l\u2019\u00e9dition du dimanche 18 avril de Libert\u00e9, d\u2019un article sur une manifestation de citoyens contre le nouveau d\u00e9coupage territorial.<\/p>\n<p>Rabah Kar\u00e8che est poursuivi pour \u00ab atteinte \u00e0 l\u2019int\u00e9grit\u00e9 du territoire national \u00bb, \u00ab publication volontaire de fausses informations susceptibles de porter atteindre \u00e0 l\u2019ordre public \u00bb et \u00ab diffusion volontaire de fausses informations susceptibles d\u2019attenter \u00e0 l\u2019ordre public et usage de divers moyens pour porter atteinte \u00e0 la s\u00fbret\u00e9 et l\u2019unit\u00e9 nationales \u00bb.\u00a0<\/p>\n<p class=\"c6\"><strong>R\u00e9daction WEB<\/strong><\/p>\n<\/div>\n<p>Auteur:<br \/>\n<a href=\"https:\/\/www.liberte-algerie.com\/actualite\/le-journaliste-de-liberte-rabah-kareche-reste-en-prison-357917\">Cliquez ici pour lire l&rsquo;article depuis sa source.<\/a><\/p>\n","protected":false},"excerpt":{"rendered":"<p>La chambre d\u2019accusation du tribunal de Tamanrasset a rejet\u00e9, ce mardi, la demande de libert\u00e9 provisoire introduite par la d\u00e9fense du journaliste de Libert\u00e9, Rabah Kar\u00e8che, correspondant \u00e0 Tamanrasset.\u00a0\u00a0 Rabah Kar\u00e8che a \u00e9t\u00e9 plac\u00e9 sous mandat de d\u00e9p\u00f4t, lundi dernier, apr\u00e8s avoir pass\u00e9 la nuit dans les locaux du commissariat central, puis pr\u00e9sent\u00e9, le lendemain, [&hellip;]<\/p>\n","protected":false},"author":1742,"featured_media":0,"comment_status":"closed","ping_status":"closed","sticky":false,"template":"","format":"standard","meta":{"fifu_image_url":"","fifu_image_alt":"","footnotes":""},"categories":[73,53],"tags":[],"class_list":["post-115682","post","type-post","status-publish","format-standard","hentry","category-actualite","category-algerie"],"_links":{"self":[{"href":"https:\/\/linitiative.ca\/International\/wp-json\/wp\/v2\/posts\/115682","targetHints":{"allow":["GET"]}}],"collection":[{"href":"https:\/\/linitiative.ca\/International\/wp-json\/wp\/v2\/posts"}],"about":[{"href":"https:\/\/linitiative.ca\/International\/wp-json\/wp\/v2\/types\/post"}],"author":[{"embeddable":true,"href":"https:\/\/linitiative.ca\/International\/wp-json\/wp\/v2\/users\/1742"}],"replies":[{"embeddable":true,"href":"https:\/\/linitiative.ca\/International\/wp-json\/wp\/v2\/comments?post=115682"}],"version-history":[{"count":0,"href":"https:\/\/linitiative.ca\/International\/wp-json\/wp\/v2\/posts\/115682\/revisions"}],"wp:attachment":[{"href":"https:\/\/linitiative.ca\/International\/wp-json\/wp\/v2\/media?parent=115682"}],"wp:term":[{"taxonomy":"category","embeddable":true,"href":"https:\/\/linitiative.ca\/International\/wp-json\/wp\/v2\/categories?post=115682"},{"taxonomy":"post_tag","embeddable":true,"href":"https:\/\/linitiative.ca\/International\/wp-json\/wp\/v2\/tags?post=115682"}],"curies":[{"name":"wp","href":"https:\/\/api.w.org\/{rel}","templated":true}]}}