{"id":115683,"date":"2021-04-27T10:10:00","date_gmt":"2021-04-27T14:10:00","guid":{"rendered":"https:\/\/linitiative.ca\/International\/la-marche-des-etudiants-a-alger-avortee-par-la-police\/"},"modified":"2021-04-27T10:10:00","modified_gmt":"2021-04-27T14:10:00","slug":"la-marche-des-etudiants-a-alger-avortee-par-la-police","status":"publish","type":"post","link":"https:\/\/linitiative.ca\/International\/la-marche-des-etudiants-a-alger-avortee-par-la-police\/","title":{"rendered":"La marche des \u00e9tudiants \u00e0 Alger avort\u00e9e par la police"},"content":{"rendered":"<div id=\"originalText\" readability=\"57\">\n<p class=\"c6\">Les \u00e9tudiants n\u2019ont pas r\u00e9ussi \u00e0 tenir leur 114e marche contre le syst\u00e8me, ce mardi, \u00e0 Alger.<\/p>\n<p class=\"c6\">Des policiers, pour la plupart en civil, avaient proc\u00e9d\u00e9, en effet, bien avant 11h, heure habituelle de l\u2019\u00e9branlement de la manifestation, \u00e0 l\u2019arrestation des jeunes meneurs de la marche des \u00e9tudiants.<\/p>\n<p class=\"c6\">\u00a0Les nombreux citoyens qui se rendaient d\u2019ordinaire \u00e0 la Place des Martyrs pour appuyer les \u00e9tudiants, rasaient les murs. Ils n\u2019ont pas non plus tenu leur rassemblement pr\u00e9c\u00e9dant la marche.<\/p>\n<p class=\"c6\">L\u2019important dispositif policier, mobilis\u00e9 pour la circonstance, a pratiquement boucl\u00e9 les lieux, alors que les agents de l\u2019ordre scrutaient le moindre mouvement autour de la place, n\u2019h\u00e9sitant pas \u00e0 embarquer tout individu suspect\u00e9 d\u2019avoir un lien avec la marche des \u00e9tudiants.<\/p>\n<p class=\"c7\">\u00a0<\/p>\n<p class=\"c7\"><strong>R\u00e9daction Web<\/strong><\/p>\n<\/div>\n<div id=\"text_core\" readability=\"57\">\n<p class=\"c6\">Les \u00e9tudiants n\u2019ont pas r\u00e9ussi \u00e0 tenir leur 114e marche contre le syst\u00e8me, ce mardi, \u00e0 Alger.<\/p>\n<p class=\"c6\">Des policiers, pour la plupart en civil, avaient proc\u00e9d\u00e9, en effet, bien avant 11h, heure habituelle de l\u2019\u00e9branlement de la manifestation, \u00e0 l\u2019arrestation des jeunes meneurs de la marche des \u00e9tudiants.<\/p>\n<p class=\"c6\">\u00a0Les nombreux citoyens qui se rendaient d\u2019ordinaire \u00e0 la Place des Martyrs pour appuyer les \u00e9tudiants, rasaient les murs. Ils n\u2019ont pas non plus tenu leur rassemblement pr\u00e9c\u00e9dant la marche.<\/p>\n<p class=\"c6\">L\u2019important dispositif policier, mobilis\u00e9 pour la circonstance, a pratiquement boucl\u00e9 les lieux, alors que les agents de l\u2019ordre scrutaient le moindre mouvement autour de la place, n\u2019h\u00e9sitant pas \u00e0 embarquer tout individu suspect\u00e9 d\u2019avoir un lien avec la marche des \u00e9tudiants.<\/p>\n<p class=\"c7\">\u00a0<\/p>\n<p class=\"c7\"><strong>R\u00e9daction Web<\/strong><\/p>\n<\/div>\n<p>Auteur:<br \/>\n<a href=\"https:\/\/www.liberte-algerie.com\/actualite\/la-marche-des-etudiants-a-alger-avortee-par-la-police-357918\">Cliquez ici pour lire l&rsquo;article depuis sa source.<\/a><\/p>\n","protected":false},"excerpt":{"rendered":"<p>Les \u00e9tudiants n\u2019ont pas r\u00e9ussi \u00e0 tenir leur 114e marche contre le syst\u00e8me, ce mardi, \u00e0 Alger. Des policiers, pour la plupart en civil, avaient proc\u00e9d\u00e9, en effet, bien avant 11h, heure habituelle de l\u2019\u00e9branlement de la manifestation, \u00e0 l\u2019arrestation des jeunes meneurs de la marche des \u00e9tudiants. \u00a0Les nombreux citoyens qui se rendaient d\u2019ordinaire [&hellip;]<\/p>\n","protected":false},"author":1742,"featured_media":0,"comment_status":"closed","ping_status":"closed","sticky":false,"template":"","format":"standard","meta":{"fifu_image_url":"","fifu_image_alt":"","footnotes":""},"categories":[73,53],"tags":[],"class_list":["post-115683","post","type-post","status-publish","format-standard","hentry","category-actualite","category-algerie"],"_links":{"self":[{"href":"https:\/\/linitiative.ca\/International\/wp-json\/wp\/v2\/posts\/115683","targetHints":{"allow":["GET"]}}],"collection":[{"href":"https:\/\/linitiative.ca\/International\/wp-json\/wp\/v2\/posts"}],"about":[{"href":"https:\/\/linitiative.ca\/International\/wp-json\/wp\/v2\/types\/post"}],"author":[{"embeddable":true,"href":"https:\/\/linitiative.ca\/International\/wp-json\/wp\/v2\/users\/1742"}],"replies":[{"embeddable":true,"href":"https:\/\/linitiative.ca\/International\/wp-json\/wp\/v2\/comments?post=115683"}],"version-history":[{"count":0,"href":"https:\/\/linitiative.ca\/International\/wp-json\/wp\/v2\/posts\/115683\/revisions"}],"wp:attachment":[{"href":"https:\/\/linitiative.ca\/International\/wp-json\/wp\/v2\/media?parent=115683"}],"wp:term":[{"taxonomy":"category","embeddable":true,"href":"https:\/\/linitiative.ca\/International\/wp-json\/wp\/v2\/categories?post=115683"},{"taxonomy":"post_tag","embeddable":true,"href":"https:\/\/linitiative.ca\/International\/wp-json\/wp\/v2\/tags?post=115683"}],"curies":[{"name":"wp","href":"https:\/\/api.w.org\/{rel}","templated":true}]}}