{"id":115686,"date":"2021-04-27T12:54:00","date_gmt":"2021-04-27T16:54:00","guid":{"rendered":"https:\/\/linitiative.ca\/International\/le-ministre-de-la-poste-limoge\/"},"modified":"2021-04-27T12:54:00","modified_gmt":"2021-04-27T16:54:00","slug":"le-ministre-de-la-poste-limoge","status":"publish","type":"post","link":"https:\/\/linitiative.ca\/International\/le-ministre-de-la-poste-limoge\/","title":{"rendered":"Le ministre de la Poste limog\u00e9"},"content":{"rendered":"<div id=\"originalText\" readability=\"45\">\n<p>Le ministre de la Poste et des\u00a0 T\u00e9l\u00e9communications, Brahim Boumzar, a \u00e9t\u00e9 limog\u00e9, ce mardi, par le pr\u00e9sident Abdelmadjid Tebboune, indique un communiqu\u00e9 du Premier minist\u00e8re, r\u00e9percut\u00e9 par l\u2019APS.<\/p>\n<p>L\u2019int\u00e9rim sera assur\u00e9 par le ministre de la p\u00eache, Sid Ahmed Ferroukhi, \u00a0pr\u00e9cise la m\u00eame source.<\/p>\n<p class=\"c6\"><strong>R\u00e9daction Web<\/strong><\/p>\n<\/div>\n<div id=\"text_core\" readability=\"45\">\n<p>Le ministre de la Poste et des\u00a0 T\u00e9l\u00e9communications, Brahim Boumzar, a \u00e9t\u00e9 limog\u00e9, ce mardi, par le pr\u00e9sident Abdelmadjid Tebboune, indique un communiqu\u00e9 du Premier minist\u00e8re, r\u00e9percut\u00e9 par l\u2019APS.<\/p>\n<p>L\u2019int\u00e9rim sera assur\u00e9 par le ministre de la p\u00eache, Sid Ahmed Ferroukhi, \u00a0pr\u00e9cise la m\u00eame source.<\/p>\n<p class=\"c6\"><strong>R\u00e9daction Web<\/strong><\/p>\n<\/div>\n<p>Auteur:<br \/>\n<a href=\"https:\/\/www.liberte-algerie.com\/actualite\/le-ministre-de-la-poste-limoge-357921\">Cliquez ici pour lire l&rsquo;article depuis sa source.<\/a><\/p>\n","protected":false},"excerpt":{"rendered":"<p>Le ministre de la Poste et des\u00a0 T\u00e9l\u00e9communications, Brahim Boumzar, a \u00e9t\u00e9 limog\u00e9, ce mardi, par le pr\u00e9sident Abdelmadjid Tebboune, indique un communiqu\u00e9 du Premier minist\u00e8re, r\u00e9percut\u00e9 par l\u2019APS. L\u2019int\u00e9rim sera assur\u00e9 par le ministre de la p\u00eache, Sid Ahmed Ferroukhi, \u00a0pr\u00e9cise la m\u00eame source. R\u00e9daction Web Le ministre de la Poste et des\u00a0 T\u00e9l\u00e9communications, [&hellip;]<\/p>\n","protected":false},"author":1742,"featured_media":0,"comment_status":"closed","ping_status":"closed","sticky":false,"template":"","format":"standard","meta":{"fifu_image_url":"","fifu_image_alt":"","footnotes":""},"categories":[73,53],"tags":[],"class_list":["post-115686","post","type-post","status-publish","format-standard","hentry","category-actualite","category-algerie"],"_links":{"self":[{"href":"https:\/\/linitiative.ca\/International\/wp-json\/wp\/v2\/posts\/115686","targetHints":{"allow":["GET"]}}],"collection":[{"href":"https:\/\/linitiative.ca\/International\/wp-json\/wp\/v2\/posts"}],"about":[{"href":"https:\/\/linitiative.ca\/International\/wp-json\/wp\/v2\/types\/post"}],"author":[{"embeddable":true,"href":"https:\/\/linitiative.ca\/International\/wp-json\/wp\/v2\/users\/1742"}],"replies":[{"embeddable":true,"href":"https:\/\/linitiative.ca\/International\/wp-json\/wp\/v2\/comments?post=115686"}],"version-history":[{"count":0,"href":"https:\/\/linitiative.ca\/International\/wp-json\/wp\/v2\/posts\/115686\/revisions"}],"wp:attachment":[{"href":"https:\/\/linitiative.ca\/International\/wp-json\/wp\/v2\/media?parent=115686"}],"wp:term":[{"taxonomy":"category","embeddable":true,"href":"https:\/\/linitiative.ca\/International\/wp-json\/wp\/v2\/categories?post=115686"},{"taxonomy":"post_tag","embeddable":true,"href":"https:\/\/linitiative.ca\/International\/wp-json\/wp\/v2\/tags?post=115686"}],"curies":[{"name":"wp","href":"https:\/\/api.w.org\/{rel}","templated":true}]}}