{"id":115689,"date":"2021-04-27T09:05:38","date_gmt":"2021-04-27T13:05:38","guid":{"rendered":"https:\/\/linitiative.ca\/International\/appel-a-respecter-le-calendrier-national-des-vaccinations-pour-les-enfants\/"},"modified":"2021-04-27T09:05:38","modified_gmt":"2021-04-27T13:05:38","slug":"appel-a-respecter-le-calendrier-national-des-vaccinations-pour-les-enfants","status":"publish","type":"post","link":"https:\/\/linitiative.ca\/International\/appel-a-respecter-le-calendrier-national-des-vaccinations-pour-les-enfants\/","title":{"rendered":"Appel \u00e0 respecter le calendrier national des vaccinations pour les enfants"},"content":{"rendered":"<div readability=\"34\">\n<p>Le minist\u00e8re de la Sant\u00e9 a appel\u00e9 les parents et tuteurs d\u2019enfants \u00e0 leur faire administrer toutes les doses de vaccins pr\u00e9vues par le calendrier national des vaccinations afin de leur offrir une protection contre les maladies graves qui peuvent mener au d\u00e9c\u00e8s ou au handicap.<\/p>\n<\/div>\n<div readability=\"78\">\n<p>Dans un communiqu\u00e9 \u00e0 l\u2019occasion de la semaine mondiale de vaccination, c\u00e9l\u00e9br\u00e9e par le Maroc \u00e0 l\u2019instar du reste du monde, du 26 au 30 avril sous le th\u00e8me \u00ab\u00a0#lesvaccins\u00e7amarche pour tous\u00a0\u00bb, le minist\u00e8re rel\u00e8ve que l\u2019int\u00e9r\u00eat pour le vaccin de la Covid-19 \u00ab\u00a0ne doit pas nous faire oublier l\u2019importance des autres vaccins pour pr\u00e9server la sant\u00e9 de tous et en particulier celle des enfants de moins de cinq ans\u00a0\u00bb.<\/p>\n<p>Selon des estimations de l\u2019Organisation mondiale de la Sant\u00e9 (OMS), les vaccins peuvent \u00e9pargner la vie, chaque ann\u00e9e, de deux \u00e0 trois millions d\u2019enfants \u00e0 travers le monde, ajoute la m\u00eame source.<\/p>\n<p>Gr\u00e2ce \u00e0 la Haute sollicitude de Sa Majest\u00e9 le Roi Mohammed VI et le patronage effectif de Son Altesse Royale la Princesse Lalla Meryem, le Maroc figure d\u00e9sormais parmi les pays leaders en mati\u00e8re de respect du droit des enfants \u00e0 la Sant\u00e9, \u00e0 travers l\u2019acc\u00e8s \u00e0 une vaccination s\u00fbre, effective et gratuite dans l\u2019ensemble des centres de Sant\u00e9, conform\u00e9ment aux recommandations de l\u2019OMS et du Comit\u00e9 national technique et scientifique consultatif de vaccination.<\/p>\n<p>La couverture vaccinale au niveau national contre les maladies cibl\u00e9es a atteint plus de 95%, gr\u00e2ce \u00e9galement aux efforts du minist\u00e8re de la Sant\u00e9 dans le cadre du Programme national de vaccination, rel\u00e8ve le communiqu\u00e9.<\/p>\n<p>\u00c0 travers l\u2019organisation de cette semaine nationale de vaccination, le minist\u00e8re vise \u00e0 sensibiliser les parents et les diff\u00e9rents acteurs \u00e0 l\u2019importance de la vaccination, en plus de leur donner acc\u00e8s \u00e0 des informations sur sa s\u00e9curit\u00e9 et son efficacit\u00e9, fait savoir le document, appelant les familles \u00e0 respecter le calendrier national de vaccination adopt\u00e9 par le minist\u00e8re, en vue de garantir une protection effective, individuelle et collective, contre les maladies que les vaccins peuvent pr\u00e9venir.<\/p>\n<p>Par ailleurs, le minist\u00e8re appelle les citoyens \u00e0 respecter les mesures pr\u00e9ventives lors de l\u2019acc\u00e8s aux centres de sant\u00e9 pour la vaccination afin de limiter la propagation du nouveau coronavirus.<\/p>\n<\/div>\n<p>Auteur: Meriem IGASS<br \/>\n<a href=\"http:\/\/www.mapmarrakech.ma\/fr\/appel-a-respecter-le-calendrier-national-des-vaccinations-pour-les-enfants\/\">Cliquez ici pour lire l&rsquo;article depuis sa source.<\/a><\/p>\n","protected":false},"excerpt":{"rendered":"<p>Le minist\u00e8re de la Sant\u00e9 a appel\u00e9 les parents et tuteurs d\u2019enfants \u00e0 leur faire administrer toutes les doses de vaccins pr\u00e9vues par le calendrier national des vaccinations afin de leur offrir une protection contre les maladies graves qui peuvent mener au d\u00e9c\u00e8s ou au handicap. Dans un communiqu\u00e9 \u00e0 l\u2019occasion de la semaine mondiale [&hellip;]<\/p>\n","protected":false},"author":1788,"featured_media":0,"comment_status":"closed","ping_status":"closed","sticky":false,"template":"","format":"standard","meta":{"fifu_image_url":"","fifu_image_alt":"","footnotes":""},"categories":[54,76],"tags":[],"class_list":["post-115689","post","type-post","status-publish","format-standard","hentry","category-maroc","category-regions"],"_links":{"self":[{"href":"https:\/\/linitiative.ca\/International\/wp-json\/wp\/v2\/posts\/115689","targetHints":{"allow":["GET"]}}],"collection":[{"href":"https:\/\/linitiative.ca\/International\/wp-json\/wp\/v2\/posts"}],"about":[{"href":"https:\/\/linitiative.ca\/International\/wp-json\/wp\/v2\/types\/post"}],"author":[{"embeddable":true,"href":"https:\/\/linitiative.ca\/International\/wp-json\/wp\/v2\/users\/1788"}],"replies":[{"embeddable":true,"href":"https:\/\/linitiative.ca\/International\/wp-json\/wp\/v2\/comments?post=115689"}],"version-history":[{"count":0,"href":"https:\/\/linitiative.ca\/International\/wp-json\/wp\/v2\/posts\/115689\/revisions"}],"wp:attachment":[{"href":"https:\/\/linitiative.ca\/International\/wp-json\/wp\/v2\/media?parent=115689"}],"wp:term":[{"taxonomy":"category","embeddable":true,"href":"https:\/\/linitiative.ca\/International\/wp-json\/wp\/v2\/categories?post=115689"},{"taxonomy":"post_tag","embeddable":true,"href":"https:\/\/linitiative.ca\/International\/wp-json\/wp\/v2\/tags?post=115689"}],"curies":[{"name":"wp","href":"https:\/\/api.w.org\/{rel}","templated":true}]}}