{"id":115691,"date":"2021-04-27T13:47:25","date_gmt":"2021-04-27T17:47:25","guid":{"rendered":"https:\/\/linitiative.ca\/International\/fete-du-travail-interdiction-de-toute-celebration-sur-le-terrain\/"},"modified":"2021-04-27T13:47:25","modified_gmt":"2021-04-27T17:47:25","slug":"fete-du-travail-interdiction-de-toute-celebration-sur-le-terrain","status":"publish","type":"post","link":"https:\/\/linitiative.ca\/International\/fete-du-travail-interdiction-de-toute-celebration-sur-le-terrain\/","title":{"rendered":"F\u00eate du travail: interdiction de toute c\u00e9l\u00e9bration sur le terrain"},"content":{"rendered":"<div class=\"single-featured\"><img alt=\"\" data-src=\"http:\/\/www.mapmarrakech.ma\/map\/uploads\/2021\/04\/F\u00eate-de-travail.jpg\"\/><\/div>\n<div class=\"single-post-excerpt post-excerpt-bc\" readability=\"38\">\n<p>Le gouvernement a d\u00e9cid\u00e9, mardi, d\u2019interdire toutes les c\u00e9l\u00e9brations sur le terrain \u00e0 l\u2019occasion de la F\u00eate du travail, c\u00e9l\u00e9br\u00e9e le 1er mai prochain, et ce pour \u00e9viter toute violation de l\u2019\u00e9tat d\u2019urgence sanitaire.<\/p>\n<\/div>\n<div class=\"entry-content clearfix single-post-content\" readability=\"53\">\n<p>Le gouvernement indique, dans un communiqu\u00e9, que cette d\u00e9cision intervient suite aux appels lanc\u00e9s pour la c\u00e9l\u00e9bration du 1er mai de mani\u00e8re pr\u00e9sentielle sur la voie publique, et en application des mesures pr\u00e9ventives prises pour pr\u00e9server la sant\u00e9 des citoyennes et citoyens.<\/p>\n<p>Cette d\u00e9cision prend \u00e9galement en consid\u00e9ration l\u2019\u00e9volution de la situation \u00e9pid\u00e9miologique dans le Royaume, notamment les risques que repr\u00e9sentent les rassemblements dans les espaces publics, pr\u00e9cise le gouvernement.<\/p>\n<p>Tout en louant l\u2019esprit de responsabilit\u00e9 et la forte implication des centrales syndicales pour faire face aux r\u00e9percussions n\u00e9gatives de la Covid-19, le gouvernement exhorte l\u2019ensemble des parties \u00e0 poursuivre les efforts d\u00e9ploy\u00e9s et \u00e0 respecter, \u00e0 l\u2019instar de l\u2019ann\u00e9e pr\u00e9c\u00e9dente, toutes les directives annonc\u00e9es et les mesures d\u00e9cid\u00e9es, afin de pr\u00e9server les r\u00e9sultats positifs r\u00e9alis\u00e9s dans la lutte contre cette pand\u00e9mie, ajoute le communiqu\u00e9.<\/p>\n<\/div>\n<p>Auteur: Meriem IGASS<br \/>\n<a href=\"http:\/\/www.mapmarrakech.ma\/fr\/fete-du-travail-interdiction-de-toute-celebration-sur-le-terrain\/\">Cliquez ici pour lire l&rsquo;article depuis sa source.<\/a><\/p>\n","protected":false},"excerpt":{"rendered":"<p>Le gouvernement a d\u00e9cid\u00e9, mardi, d\u2019interdire toutes les c\u00e9l\u00e9brations sur le terrain \u00e0 l\u2019occasion de la F\u00eate du travail, c\u00e9l\u00e9br\u00e9e le 1er mai prochain, et ce pour \u00e9viter toute violation de l\u2019\u00e9tat d\u2019urgence sanitaire. Le gouvernement indique, dans un communiqu\u00e9, que cette d\u00e9cision intervient suite aux appels lanc\u00e9s pour la c\u00e9l\u00e9bration du 1er mai de [&hellip;]<\/p>\n","protected":false},"author":1788,"featured_media":0,"comment_status":"closed","ping_status":"closed","sticky":false,"template":"","format":"standard","meta":{"fifu_image_url":"http:\/\/www.mapmarrakech.ma\/map\/uploads\/2021\/04\/F\u00eate-de-travail.jpg","fifu_image_alt":"F\u00eate du travail: interdiction de toute c\u00e9l\u00e9bration sur le terrain","footnotes":""},"categories":[54,76],"tags":[],"class_list":["post-115691","post","type-post","status-publish","format-standard","hentry","category-maroc","category-regions"],"_links":{"self":[{"href":"https:\/\/linitiative.ca\/International\/wp-json\/wp\/v2\/posts\/115691","targetHints":{"allow":["GET"]}}],"collection":[{"href":"https:\/\/linitiative.ca\/International\/wp-json\/wp\/v2\/posts"}],"about":[{"href":"https:\/\/linitiative.ca\/International\/wp-json\/wp\/v2\/types\/post"}],"author":[{"embeddable":true,"href":"https:\/\/linitiative.ca\/International\/wp-json\/wp\/v2\/users\/1788"}],"replies":[{"embeddable":true,"href":"https:\/\/linitiative.ca\/International\/wp-json\/wp\/v2\/comments?post=115691"}],"version-history":[{"count":0,"href":"https:\/\/linitiative.ca\/International\/wp-json\/wp\/v2\/posts\/115691\/revisions"}],"wp:attachment":[{"href":"https:\/\/linitiative.ca\/International\/wp-json\/wp\/v2\/media?parent=115691"}],"wp:term":[{"taxonomy":"category","embeddable":true,"href":"https:\/\/linitiative.ca\/International\/wp-json\/wp\/v2\/categories?post=115691"},{"taxonomy":"post_tag","embeddable":true,"href":"https:\/\/linitiative.ca\/International\/wp-json\/wp\/v2\/tags?post=115691"}],"curies":[{"name":"wp","href":"https:\/\/api.w.org\/{rel}","templated":true}]}}