{"id":115692,"date":"2021-04-27T09:31:05","date_gmt":"2021-04-27T13:31:05","guid":{"rendered":"https:\/\/linitiative.ca\/International\/covid-baisse-des-nouvelles-infections-lors-des-deux-dernieres-semaines\/"},"modified":"2021-04-27T09:31:05","modified_gmt":"2021-04-27T13:31:05","slug":"covid-baisse-des-nouvelles-infections-lors-des-deux-dernieres-semaines","status":"publish","type":"post","link":"https:\/\/linitiative.ca\/International\/covid-baisse-des-nouvelles-infections-lors-des-deux-dernieres-semaines\/","title":{"rendered":"Covid: Baisse des nouvelles infections lors des deux derni\u00e8res semaines"},"content":{"rendered":"<p class=\"rtejustify\">Les cas d&rsquo;infection au Covid-19 ont baiss\u00e9 de 4,2 % pendant les deux derni\u00e8res semaines au Maroc, a indiqu\u00e9 mardi \u00e0 Rabat le chef de la division des maladies transmissibles \u00e0 la direction de l&rsquo;\u00e9pid\u00e9miologie et de lutte contre les maladies, Abdelkrim Meziane Bellefquih.<\/p>\n<p class=\"rtejustify\">Ce recul intervient apr\u00e8s sept semaines de hausse cons\u00e9cutive, a pr\u00e9cis\u00e9 le responsable, ajoutant que cette am\u00e9lioration \u00ab d\u00e9montre l&rsquo;efficacit\u00e9 des mesures pr\u00e9ventives prises pour freiner la propagation du virus et leur respect par les citoyens \u00bb. La baisse des nouvelles infections a concern\u00e9 8 r\u00e9gions, \u00e0 savoir F\u00e8s-Mekn\u00e8s (-60%), Guelmim-Oued Noun (-50%), B\u00e9ni Mellal-Kh\u00e9nifra (-35,5%), Tanger-T\u00e9touan-Al Hoceima (-31,5%), Marrakech-Safi (-11%), Souss-Massa (-11%), Rabat-Sal\u00e9-K\u00e9nitra (-8,3%) et Casablanca-Settat (-6,5%).<\/p>\n<p class=\"rtejustify\">Concernant les cas actifs, ils ont connu une hausse de 8%, passant de 4.736 cas il y a deux semaines \u00e0 5.109 jusqu&rsquo;\u00e0 lundi.<\/p>\n<p class=\"rtejustify\">\u00a0<\/p>\n<p>Auteur: mbasraoui<br \/>\n<a href=\"https:\/\/www.leconomiste.com\/flash-infos\/covid-baisse-des-nouvelles-infections-lors-des-deux-dernieres-semaines\">Cliquez ici pour lire l&rsquo;article depuis sa source.<\/a><\/p>\n","protected":false},"excerpt":{"rendered":"<p>Les cas d&rsquo;infection au Covid-19 ont baiss\u00e9 de 4,2 % pendant les deux derni\u00e8res semaines au Maroc, a indiqu\u00e9 mardi \u00e0 Rabat le chef de la division des maladies transmissibles \u00e0 la direction de l&rsquo;\u00e9pid\u00e9miologie et de lutte contre les maladies, Abdelkrim Meziane Bellefquih. Ce recul intervient apr\u00e8s sept semaines de hausse cons\u00e9cutive, a pr\u00e9cis\u00e9 [&hellip;]<\/p>\n","protected":false},"author":1763,"featured_media":0,"comment_status":"closed","ping_status":"closed","sticky":false,"template":"","format":"standard","meta":{"fifu_image_url":"","fifu_image_alt":"","footnotes":""},"categories":[78,54],"tags":[],"class_list":["post-115692","post","type-post","status-publish","format-standard","hentry","category-economie","category-maroc"],"_links":{"self":[{"href":"https:\/\/linitiative.ca\/International\/wp-json\/wp\/v2\/posts\/115692","targetHints":{"allow":["GET"]}}],"collection":[{"href":"https:\/\/linitiative.ca\/International\/wp-json\/wp\/v2\/posts"}],"about":[{"href":"https:\/\/linitiative.ca\/International\/wp-json\/wp\/v2\/types\/post"}],"author":[{"embeddable":true,"href":"https:\/\/linitiative.ca\/International\/wp-json\/wp\/v2\/users\/1763"}],"replies":[{"embeddable":true,"href":"https:\/\/linitiative.ca\/International\/wp-json\/wp\/v2\/comments?post=115692"}],"version-history":[{"count":0,"href":"https:\/\/linitiative.ca\/International\/wp-json\/wp\/v2\/posts\/115692\/revisions"}],"wp:attachment":[{"href":"https:\/\/linitiative.ca\/International\/wp-json\/wp\/v2\/media?parent=115692"}],"wp:term":[{"taxonomy":"category","embeddable":true,"href":"https:\/\/linitiative.ca\/International\/wp-json\/wp\/v2\/categories?post=115692"},{"taxonomy":"post_tag","embeddable":true,"href":"https:\/\/linitiative.ca\/International\/wp-json\/wp\/v2\/tags?post=115692"}],"curies":[{"name":"wp","href":"https:\/\/api.w.org\/{rel}","templated":true}]}}