{"id":115693,"date":"2021-04-27T10:03:07","date_gmt":"2021-04-27T14:03:07","guid":{"rendered":"https:\/\/linitiative.ca\/International\/terrorisme-sept-personnes-interpellees-en-france\/"},"modified":"2021-04-27T10:03:07","modified_gmt":"2021-04-27T14:03:07","slug":"terrorisme-sept-personnes-interpellees-en-france","status":"publish","type":"post","link":"https:\/\/linitiative.ca\/International\/terrorisme-sept-personnes-interpellees-en-france\/","title":{"rendered":"Terrorisme: sept personnes interpell\u00e9es en France"},"content":{"rendered":"<p class=\"rtejustify\">Sept personnes ont \u00e9t\u00e9 plac\u00e9es en garde \u00e0 vue mardi en France, dans le cadre d&rsquo;une enqu\u00eate pr\u00e9liminaire du parquet national antiterroriste, rapportent les m\u00e9dias du pays citant une source judiciaire.<\/p>\n<p class=\"rtejustify\">L&rsquo;enqu\u00eate porte sur le s\u00e9jour d&rsquo;un individu en Syrie ainsi que sur un possible r\u00e9seau d&rsquo;envoi de fonds \u00e0 destination de ce pays. Selon la presse locale, les suspects sont des hommes, \u00e2g\u00e9s de 28 \u00e0 48 ans, membres de la communaut\u00e9 tch\u00e9tch\u00e8ne.<\/p>\n<p class=\"rtejustify\">Six sont n\u00e9s en Russie et le dernier en G\u00e9orgie. Ils ont \u00e9t\u00e9 interpell\u00e9s dans le Bas-Rhin et le Puy-de-D\u00f4me.<\/p>\n<p class=\"rtejustify\">\u00a0<\/p>\n<p>Auteur: mbasraoui<br \/>\n<a href=\"https:\/\/www.leconomiste.com\/flash-infos\/terrorisme-sept-personnes-interpellees-en-france\">Cliquez ici pour lire l&rsquo;article depuis sa source.<\/a><\/p>\n","protected":false},"excerpt":{"rendered":"<p>Sept personnes ont \u00e9t\u00e9 plac\u00e9es en garde \u00e0 vue mardi en France, dans le cadre d&rsquo;une enqu\u00eate pr\u00e9liminaire du parquet national antiterroriste, rapportent les m\u00e9dias du pays citant une source judiciaire. L&rsquo;enqu\u00eate porte sur le s\u00e9jour d&rsquo;un individu en Syrie ainsi que sur un possible r\u00e9seau d&rsquo;envoi de fonds \u00e0 destination de ce pays. Selon [&hellip;]<\/p>\n","protected":false},"author":1763,"featured_media":0,"comment_status":"closed","ping_status":"closed","sticky":false,"template":"","format":"standard","meta":{"fifu_image_url":"","fifu_image_alt":"","footnotes":""},"categories":[78,54],"tags":[],"class_list":["post-115693","post","type-post","status-publish","format-standard","hentry","category-economie","category-maroc"],"_links":{"self":[{"href":"https:\/\/linitiative.ca\/International\/wp-json\/wp\/v2\/posts\/115693","targetHints":{"allow":["GET"]}}],"collection":[{"href":"https:\/\/linitiative.ca\/International\/wp-json\/wp\/v2\/posts"}],"about":[{"href":"https:\/\/linitiative.ca\/International\/wp-json\/wp\/v2\/types\/post"}],"author":[{"embeddable":true,"href":"https:\/\/linitiative.ca\/International\/wp-json\/wp\/v2\/users\/1763"}],"replies":[{"embeddable":true,"href":"https:\/\/linitiative.ca\/International\/wp-json\/wp\/v2\/comments?post=115693"}],"version-history":[{"count":0,"href":"https:\/\/linitiative.ca\/International\/wp-json\/wp\/v2\/posts\/115693\/revisions"}],"wp:attachment":[{"href":"https:\/\/linitiative.ca\/International\/wp-json\/wp\/v2\/media?parent=115693"}],"wp:term":[{"taxonomy":"category","embeddable":true,"href":"https:\/\/linitiative.ca\/International\/wp-json\/wp\/v2\/categories?post=115693"},{"taxonomy":"post_tag","embeddable":true,"href":"https:\/\/linitiative.ca\/International\/wp-json\/wp\/v2\/tags?post=115693"}],"curies":[{"name":"wp","href":"https:\/\/api.w.org\/{rel}","templated":true}]}}