{"id":115695,"date":"2021-04-27T11:30:19","date_gmt":"2021-04-27T15:30:19","guid":{"rendered":"https:\/\/linitiative.ca\/International\/tanger-tetouan-al-hoceima-la-region-acquiert-le-foncier-pour-la-cmc\/"},"modified":"2021-04-27T11:30:19","modified_gmt":"2021-04-27T15:30:19","slug":"tanger-tetouan-al-hoceima-la-region-acquiert-le-foncier-pour-la-cmc","status":"publish","type":"post","link":"https:\/\/linitiative.ca\/International\/tanger-tetouan-al-hoceima-la-region-acquiert-le-foncier-pour-la-cmc\/","title":{"rendered":"Tanger-T\u00e9touan-Al Hoceima: La r\u00e9gion acquiert le foncier pour la CMC"},"content":{"rendered":"<p class=\"rtejustify\">12 ha seront consacr\u00e9s \u00e0 la future Cit\u00e9 des m\u00e9tiers et des comp\u00e9tences de Tanger-T\u00e9touan-Al Hoceima. Le Conseil de la r\u00e9gion a conclu, lundi, le contrat d&rsquo;acquisition d&rsquo;un foncier de la Direction des domaines de l&rsquo;Etat qui sera destin\u00e9 \u00e0 accueillir la CMC.<\/p>\n<p class=\"rtejustify\">Ce foncier, compos\u00e9 de deux parcelles de terrain \u00e0 Boukhalef, au sud de Tanger, a cout\u00e9 24 millions de DH. Cette op\u00e9ration s&rsquo;inscrit dans le cadre des engagements du Conseil de la r\u00e9gion \u00e0 mobiliser 100 millions DH, y compris le budget d&rsquo;acquisition du foncier, \u00e0 titre de contribution \u00e0 la CMC de Tanger, qui constitue la d\u00e9clinaison r\u00e9gionale de la feuille de route nationale pour le d\u00e9veloppement de la formation professionnelle.<\/p>\n<p class=\"rtejustify\">La future CMC n\u00e9cessitera un investissement de 480 millions de DH et sera r\u00e9alis\u00e9e sur une dur\u00e9e de 20 mois.<\/p>\n<p class=\"rtejustify\">\u00a0<\/p>\n<p>Auteur: mbasraoui<br \/>\n<a href=\"https:\/\/www.leconomiste.com\/flash-infos\/tanger-tetouan-al-hoceima-la-region-acquiert-le-foncier-pour-la-cmc\">Cliquez ici pour lire l&rsquo;article depuis sa source.<\/a><\/p>\n","protected":false},"excerpt":{"rendered":"<p>12 ha seront consacr\u00e9s \u00e0 la future Cit\u00e9 des m\u00e9tiers et des comp\u00e9tences de Tanger-T\u00e9touan-Al Hoceima. Le Conseil de la r\u00e9gion a conclu, lundi, le contrat d&rsquo;acquisition d&rsquo;un foncier de la Direction des domaines de l&rsquo;Etat qui sera destin\u00e9 \u00e0 accueillir la CMC. Ce foncier, compos\u00e9 de deux parcelles de terrain \u00e0 Boukhalef, au sud [&hellip;]<\/p>\n","protected":false},"author":1763,"featured_media":0,"comment_status":"closed","ping_status":"closed","sticky":false,"template":"","format":"standard","meta":{"fifu_image_url":"","fifu_image_alt":"","footnotes":""},"categories":[78,54],"tags":[],"class_list":["post-115695","post","type-post","status-publish","format-standard","hentry","category-economie","category-maroc"],"_links":{"self":[{"href":"https:\/\/linitiative.ca\/International\/wp-json\/wp\/v2\/posts\/115695","targetHints":{"allow":["GET"]}}],"collection":[{"href":"https:\/\/linitiative.ca\/International\/wp-json\/wp\/v2\/posts"}],"about":[{"href":"https:\/\/linitiative.ca\/International\/wp-json\/wp\/v2\/types\/post"}],"author":[{"embeddable":true,"href":"https:\/\/linitiative.ca\/International\/wp-json\/wp\/v2\/users\/1763"}],"replies":[{"embeddable":true,"href":"https:\/\/linitiative.ca\/International\/wp-json\/wp\/v2\/comments?post=115695"}],"version-history":[{"count":0,"href":"https:\/\/linitiative.ca\/International\/wp-json\/wp\/v2\/posts\/115695\/revisions"}],"wp:attachment":[{"href":"https:\/\/linitiative.ca\/International\/wp-json\/wp\/v2\/media?parent=115695"}],"wp:term":[{"taxonomy":"category","embeddable":true,"href":"https:\/\/linitiative.ca\/International\/wp-json\/wp\/v2\/categories?post=115695"},{"taxonomy":"post_tag","embeddable":true,"href":"https:\/\/linitiative.ca\/International\/wp-json\/wp\/v2\/tags?post=115695"}],"curies":[{"name":"wp","href":"https:\/\/api.w.org\/{rel}","templated":true}]}}