{"id":115697,"date":"2021-04-27T15:14:06","date_gmt":"2021-04-27T19:14:06","guid":{"rendered":"https:\/\/linitiative.ca\/International\/pros-ldc-mahrez-et-le-statut-de-favori-du-psg\/"},"modified":"2021-04-27T15:14:06","modified_gmt":"2021-04-27T19:14:06","slug":"pros-ldc-mahrez-et-le-statut-de-favori-du-psg","status":"publish","type":"post","link":"https:\/\/linitiative.ca\/International\/pros-ldc-mahrez-et-le-statut-de-favori-du-psg\/","title":{"rendered":"Pros : LdC: Mahrez et le statut de favori du PSG"},"content":{"rendered":"<div readability=\"32\">\n<p>Auteur : <span class=\"time\">mardi 27 avril 2021 15:25<\/span><\/p>\n<\/div>\n<div id=\"post_core\" readability=\"43\">\n<p>Finaliste de la derni\u00e8re \u00e9dition de la Ligue des Champions face au Bayern Munich, le Paris Saint-Germain compte bien aller au bout cette fois-ci. Pour cela, il faudra passer l&rsquo;obstacle Manchester City en demi-finale, alors que les Parisiens sont favoris. En conf\u00e9rence de presse, Riyad Mahrez a \u00e9voqu\u00e9 le statut des Franciliens avant ce choc. \u00abJe ne suis pas l\u00e0 pour estimer qui est favori. Le PSG c&rsquo;est une superbe \u00e9quipe, ils ont \u00e9limin\u00e9 le Bayern. On a nos forces, ils ont les leurs. On verra qui sortira vainqueur\u00bbrapporte FootMercato. R\u00e9ponse demain soir lors du match aller.<\/p>\n<p><strong>Publi\u00e9 dans :<\/strong> <span>PSG<\/span> <span>Mahrez<\/span><\/p>\n<\/div>\n<p>Auteur:<br \/>\n<a href=\"http:\/\/www.lebuteur.com\/article\/detail?titre=ldc-mahrez-et-le-statut-de-favori-du-psg&#038;id=99860&#038;utm_source=feedburner&#038;utm_medium=feed&#038;utm_campaign=Feed%3A+GalerieFArtciles+%28Les+derniers+articles++-+lebuteur.com%29\">Cliquez ici pour lire l&rsquo;article depuis sa source.<\/a><\/p>\n","protected":false},"excerpt":{"rendered":"<p>Auteur : mardi 27 avril 2021 15:25 Finaliste de la derni\u00e8re \u00e9dition de la Ligue des Champions face au Bayern Munich, le Paris Saint-Germain compte bien aller au bout cette fois-ci. Pour cela, il faudra passer l&rsquo;obstacle Manchester City en demi-finale, alors que les Parisiens sont favoris. En conf\u00e9rence de presse, Riyad Mahrez a \u00e9voqu\u00e9 [&hellip;]<\/p>\n","protected":false},"author":1738,"featured_media":0,"comment_status":"closed","ping_status":"closed","sticky":false,"template":"","format":"standard","meta":{"fifu_image_url":"\/\/cdn.lebuteur.com\/data\/images\/article\/thumbs\/large-ldc-mahrez-et-le-statut-de-favori-du-psg-2707a.jpg","fifu_image_alt":"Pros : LdC: Mahrez et le statut de favori du PSG","footnotes":""},"categories":[53,75],"tags":[],"class_list":["post-115697","post","type-post","status-publish","format-standard","hentry","category-algerie","category-sport"],"_links":{"self":[{"href":"https:\/\/linitiative.ca\/International\/wp-json\/wp\/v2\/posts\/115697","targetHints":{"allow":["GET"]}}],"collection":[{"href":"https:\/\/linitiative.ca\/International\/wp-json\/wp\/v2\/posts"}],"about":[{"href":"https:\/\/linitiative.ca\/International\/wp-json\/wp\/v2\/types\/post"}],"author":[{"embeddable":true,"href":"https:\/\/linitiative.ca\/International\/wp-json\/wp\/v2\/users\/1738"}],"replies":[{"embeddable":true,"href":"https:\/\/linitiative.ca\/International\/wp-json\/wp\/v2\/comments?post=115697"}],"version-history":[{"count":0,"href":"https:\/\/linitiative.ca\/International\/wp-json\/wp\/v2\/posts\/115697\/revisions"}],"wp:attachment":[{"href":"https:\/\/linitiative.ca\/International\/wp-json\/wp\/v2\/media?parent=115697"}],"wp:term":[{"taxonomy":"category","embeddable":true,"href":"https:\/\/linitiative.ca\/International\/wp-json\/wp\/v2\/categories?post=115697"},{"taxonomy":"post_tag","embeddable":true,"href":"https:\/\/linitiative.ca\/International\/wp-json\/wp\/v2\/tags?post=115697"}],"curies":[{"name":"wp","href":"https:\/\/api.w.org\/{rel}","templated":true}]}}