{"id":115698,"date":"2021-04-27T15:14:15","date_gmt":"2021-04-27T19:14:15","guid":{"rendered":"https:\/\/linitiative.ca\/International\/pros-manchester-city-mahrez-non-ce-nest-pas-une-revanche-du-totttenham-de-pochettino\/"},"modified":"2021-04-27T15:14:15","modified_gmt":"2021-04-27T19:14:15","slug":"pros-manchester-city-mahrez-non-ce-nest-pas-une-revanche-du-totttenham-de-pochettino","status":"publish","type":"post","link":"https:\/\/linitiative.ca\/International\/pros-manchester-city-mahrez-non-ce-nest-pas-une-revanche-du-totttenham-de-pochettino\/","title":{"rendered":"Pros : Manchester City &#8211; Mahrez : \u00abNon ce n&rsquo;est pas une revanche du Totttenham de Pochettino\u00bb"},"content":{"rendered":"<div readability=\"32\">\n<p>Auteur : <span class=\"time\">mardi 27 avril 2021 15:33<\/span><\/p>\n<\/div>\n<div id=\"post_core\" readability=\"49\">\n<p>A la veille du choc entre le PSG et Manchester City, Pep Guardiola et Riyad Mahrez \u00e9taient pr\u00e9sents devant la presse ce mardi. L&rsquo;occasion pour le coach espagnol d&rsquo;aborder les sujets chauds. Mais bien \u00e9videmment, c&rsquo;est sur les stars Neymar et Mbapp\u00e9 que Guardiola \u00e9tait attendu. Le manager de City a confi\u00e9, dans des propos relay\u00e9s par RMC, toute son admiration pour le prodige br\u00e9silien, qu&rsquo;il a plaisir \u00e0 affronter. \u00ab Je me souviens du match contre Santos. C&rsquo;\u00e9tait le roi de Santos. Mes joueurs \u00e9taient bouche b\u00e9e. C&rsquo;est un r\u00e9gal de le voir jouer. Ce n&rsquo;est pas facile de porter le num\u00e9ro 10 au Br\u00e9sil. S&rsquo;il \u00e9tait rest\u00e9 \u00e0 Barcelone, le Bar\u00e7a aurait gagn\u00e9 deux ou trois titres suppl\u00e9mentaires en Ligue des champions. Il a d\u00e9cid\u00e9 d&rsquo;aller \u00e0 Paris et je ne dirais pas que c&rsquo;est une mauvaise d\u00e9cision. S&rsquo;il peut avoir de la r\u00e9gularit\u00e9 et ne pas \u00eatre bless\u00e9. Je suis un grand admirateur. C&rsquo;est un plaisir de jouer contre le PSG et lui. On va essayer de les battre. \u00bb Concernant Kylian Mbapp\u00e9, Guardiola n&rsquo;a pas contenu ses compliments, le pla\u00e7ant d&rsquo;ores et d\u00e9j\u00e0 sur le toit du monde. \u00ab Mbapp\u00e9 aura le football \u00e0 ses pieds dans les ann\u00e9es \u00e0 venir. Il marque beaucoup de but comme Haaland. C&rsquo;est un joueur exceptionnel et il semble \u00eatre un mec sympa. C&rsquo;est comme Neymar, il fait du bien au football. \u00bb Riyad Mahrez, de son c\u00f4t\u00e9, retrouve un club fran\u00e7ais apr\u00e8s avoir d\u00fb quitter la Ligue des champions en 2020 face \u00e0 un autre club fran\u00e7ais, l&rsquo;OL. Mais pas question de nourrir un sentiment de revanche. \u00ab C&rsquo;\u00e9tait une grande d\u00e9ception notre d\u00e9faite en Ligue des champions. En plus on partait directement en vacances. Mais l\u00e0 il fallait rester concentr\u00e9. c&rsquo;\u00e9tait la plus grande d\u00e9ceptions de ma carri\u00e8re la saison derni\u00e8re contre Lyon. Cette fois nous voulons aller plus loin. Nous avons l&rsquo;exp\u00e9rience de la saison derni\u00e8re. \u00bb Ni contre l&rsquo;OL, ni contre Mauricio Pochettino qui avait pourtant fait chuter City avec Tottenham il y a trois ans. \u00ab Non ce n&rsquo;est pas une revanche du Totttenham de Pochettino. Ce n&rsquo;est pas l&rsquo;important dans ces matchs. On doit \u00eatre l\u00e0 pour essayer de gagner. On doit jouer comme on joue tous les trois jours et non pas penser au pass\u00e9 \u00bb, a martel\u00e9 Mahrez comme rapport\u00e9 par OnzeMondial.com.<\/p>\n<p><strong>Publi\u00e9 dans :<\/strong> <span>Mahrez<\/span><\/p>\n<\/div>\n<p>Auteur:<br \/>\n<a href=\"http:\/\/www.lebuteur.com\/article\/detail?titre=manchester-city-mahrez-non-ce-nest-pas-une-revanche-du-totttenham-de-pochettino&#038;id=99861&#038;utm_source=feedburner&#038;utm_medium=feed&#038;utm_campaign=Feed%3A+GalerieFArtciles+%28Les+derniers+articles++-+lebuteur.com%29\">Cliquez ici pour lire l&rsquo;article depuis sa source.<\/a><\/p>\n","protected":false},"excerpt":{"rendered":"<p>Auteur : mardi 27 avril 2021 15:33 A la veille du choc entre le PSG et Manchester City, Pep Guardiola et Riyad Mahrez \u00e9taient pr\u00e9sents devant la presse ce mardi. L&rsquo;occasion pour le coach espagnol d&rsquo;aborder les sujets chauds. Mais bien \u00e9videmment, c&rsquo;est sur les stars Neymar et Mbapp\u00e9 que Guardiola \u00e9tait attendu. Le manager [&hellip;]<\/p>\n","protected":false},"author":1738,"featured_media":0,"comment_status":"closed","ping_status":"closed","sticky":false,"template":"","format":"standard","meta":{"fifu_image_url":"\/\/cdn.lebuteur.com\/data\/images\/article\/thumbs\/large-99861manchester-city-mahrez-non-ce-nest-pas-une-revanche-du-totttenham-de-pochettino-8739f.jpg","fifu_image_alt":"Pros : Manchester City - Mahrez : \u00abNon ce n'est pas une revanche du Totttenham de Pochettino\u00bb","footnotes":""},"categories":[53,75],"tags":[],"class_list":["post-115698","post","type-post","status-publish","format-standard","hentry","category-algerie","category-sport"],"_links":{"self":[{"href":"https:\/\/linitiative.ca\/International\/wp-json\/wp\/v2\/posts\/115698","targetHints":{"allow":["GET"]}}],"collection":[{"href":"https:\/\/linitiative.ca\/International\/wp-json\/wp\/v2\/posts"}],"about":[{"href":"https:\/\/linitiative.ca\/International\/wp-json\/wp\/v2\/types\/post"}],"author":[{"embeddable":true,"href":"https:\/\/linitiative.ca\/International\/wp-json\/wp\/v2\/users\/1738"}],"replies":[{"embeddable":true,"href":"https:\/\/linitiative.ca\/International\/wp-json\/wp\/v2\/comments?post=115698"}],"version-history":[{"count":0,"href":"https:\/\/linitiative.ca\/International\/wp-json\/wp\/v2\/posts\/115698\/revisions"}],"wp:attachment":[{"href":"https:\/\/linitiative.ca\/International\/wp-json\/wp\/v2\/media?parent=115698"}],"wp:term":[{"taxonomy":"category","embeddable":true,"href":"https:\/\/linitiative.ca\/International\/wp-json\/wp\/v2\/categories?post=115698"},{"taxonomy":"post_tag","embeddable":true,"href":"https:\/\/linitiative.ca\/International\/wp-json\/wp\/v2\/tags?post=115698"}],"curies":[{"name":"wp","href":"https:\/\/api.w.org\/{rel}","templated":true}]}}