{"id":115699,"date":"2021-04-27T15:14:33","date_gmt":"2021-04-27T19:14:33","guid":{"rendered":"https:\/\/linitiative.ca\/International\/pros-manchester-city-mahrez-se-prononce-sur-son-avenir\/"},"modified":"2021-04-27T15:14:33","modified_gmt":"2021-04-27T19:14:33","slug":"pros-manchester-city-mahrez-se-prononce-sur-son-avenir","status":"publish","type":"post","link":"https:\/\/linitiative.ca\/International\/pros-manchester-city-mahrez-se-prononce-sur-son-avenir\/","title":{"rendered":"Pros : Manchester City: Mahrez se prononce sur son avenir !"},"content":{"rendered":"<div readability=\"32\">\n<p>Auteur : <span class=\"time\">mardi 27 avril 2021 15:35<\/span><\/p>\n<\/div>\n<div id=\"post_core\" readability=\"39\">\n<p>En conf\u00e9rence de presse ce mardi, Riyad Mahrez a \u00e9voqu\u00e9 son avenir avec Manchester City avant le choc face au PSG. \u00a0Pr\u00e9sent en conf\u00e9rence de presse \u00e0 la veille du choc entre le PSG et Manchester City, Riyad Mahrez a \u00e9voqu\u00e9 son avenir : \u00ab Mon avenir ? Je ne pense pas \u00e0 cela. Je suis bien ici, je suis content avec tout le monde et dans la ville. Je suis simplement concentr\u00e9 sur les matchs et on verra. \u00bb Sous contrat avec les Citizens jusqu&rsquo;en juin 2023, l&rsquo;international alg\u00e9rien semble \u00e9panoui sous les ordres de Pep Guardiola et reste d\u00e9termin\u00e9 \u00e0 remporter le match de mercredi en Ligue des Champions rapporteLe 10 Sport.<\/p>\n<p><strong>Publi\u00e9 dans :<\/strong> <span>Mahrez<\/span><\/p>\n<\/div>\n<p>Auteur:<br \/>\n<a href=\"http:\/\/www.lebuteur.com\/article\/detail?titre=manchester-city-mahrez-se-prononce-sur-son-avenir&#038;id=99862&#038;utm_source=feedburner&#038;utm_medium=feed&#038;utm_campaign=Feed%3A+GalerieFArtciles+%28Les+derniers+articles++-+lebuteur.com%29\">Cliquez ici pour lire l&rsquo;article depuis sa source.<\/a><\/p>\n","protected":false},"excerpt":{"rendered":"<p>Auteur : mardi 27 avril 2021 15:35 En conf\u00e9rence de presse ce mardi, Riyad Mahrez a \u00e9voqu\u00e9 son avenir avec Manchester City avant le choc face au PSG. \u00a0Pr\u00e9sent en conf\u00e9rence de presse \u00e0 la veille du choc entre le PSG et Manchester City, Riyad Mahrez a \u00e9voqu\u00e9 son avenir : \u00ab Mon avenir ? [&hellip;]<\/p>\n","protected":false},"author":1738,"featured_media":0,"comment_status":"closed","ping_status":"closed","sticky":false,"template":"","format":"standard","meta":{"fifu_image_url":"\/\/cdn.lebuteur.com\/data\/images\/article\/thumbs\/large-manchester-city-mahrez-se-prononce-sur-son-avenir-fbbd0.jpg","fifu_image_alt":"Pros : Manchester City: Mahrez se prononce sur son avenir !","footnotes":""},"categories":[53,75],"tags":[],"class_list":["post-115699","post","type-post","status-publish","format-standard","hentry","category-algerie","category-sport"],"_links":{"self":[{"href":"https:\/\/linitiative.ca\/International\/wp-json\/wp\/v2\/posts\/115699","targetHints":{"allow":["GET"]}}],"collection":[{"href":"https:\/\/linitiative.ca\/International\/wp-json\/wp\/v2\/posts"}],"about":[{"href":"https:\/\/linitiative.ca\/International\/wp-json\/wp\/v2\/types\/post"}],"author":[{"embeddable":true,"href":"https:\/\/linitiative.ca\/International\/wp-json\/wp\/v2\/users\/1738"}],"replies":[{"embeddable":true,"href":"https:\/\/linitiative.ca\/International\/wp-json\/wp\/v2\/comments?post=115699"}],"version-history":[{"count":0,"href":"https:\/\/linitiative.ca\/International\/wp-json\/wp\/v2\/posts\/115699\/revisions"}],"wp:attachment":[{"href":"https:\/\/linitiative.ca\/International\/wp-json\/wp\/v2\/media?parent=115699"}],"wp:term":[{"taxonomy":"category","embeddable":true,"href":"https:\/\/linitiative.ca\/International\/wp-json\/wp\/v2\/categories?post=115699"},{"taxonomy":"post_tag","embeddable":true,"href":"https:\/\/linitiative.ca\/International\/wp-json\/wp\/v2\/tags?post=115699"}],"curies":[{"name":"wp","href":"https:\/\/api.w.org\/{rel}","templated":true}]}}