{"id":115700,"date":"2021-04-27T15:14:40","date_gmt":"2021-04-27T19:14:40","guid":{"rendered":"https:\/\/linitiative.ca\/International\/pros-gouiri-ne-dement-pas-pour-lalgerie-mais\/"},"modified":"2021-04-27T15:14:40","modified_gmt":"2021-04-27T19:14:40","slug":"pros-gouiri-ne-dement-pas-pour-lalgerie-mais","status":"publish","type":"post","link":"https:\/\/linitiative.ca\/International\/pros-gouiri-ne-dement-pas-pour-lalgerie-mais\/","title":{"rendered":"Pros : Gouiri ne d\u00e9ment pas pour l\u2019Alg\u00e9rie mais\u2026"},"content":{"rendered":"<div readability=\"32\">\n<p>Auteur : <span>Moumen A.<\/span> <span class=\"time\">mardi 27 avril 2021 16:16<\/span><\/p>\n<\/div>\n<div id=\"post_core\" readability=\"47\">\n<p>Comme r\u00e9v\u00e9l\u00e9 le franco-alg\u00e9rien de l\u2019OGC Nice Amine Gouiri a \u00e9t\u00e9 contact\u00e9 pour jouer avec l\u2019Alg\u00e9rie, le mois de novembre pass\u00e9. N\u2019ayant pas encore rendu sa r\u00e9ponse, Gouiri qui est actuellement concentr\u00e9 sur son club, comme il l\u2019a laiss\u00e9 entendre dans son interview \u00e0 So Foot, n&rsquo;a pas aussi d\u00e9menti le contact avec la s\u00e9lection alg\u00e9rienne. R\u00e9pondant \u00e0 la question suivante \u00ab\u00a0 Les m\u00e9dias alg\u00e9riens disent que Djamel Belmadi t&rsquo;avait contact\u00e9 pour la s\u00e9lection, tu confirmes ? Entre la France et l\u2019Alg\u00e9rie, tu as fait un choix\u00a0? Amine r\u00e9pond \u00ab\u00a0Je suis fran\u00e7ais d\u2019origine alg\u00e9rienne, mon p\u00e8re est n\u00e9 en Alg\u00e9rie, je suis fier de mes origines comme tout le monde doit \u00eatre fier des siennes. Et je suis fier d\u2019\u00eatre fran\u00e7ais. Apr\u00e8s, c\u2019est ma premi\u00e8re saison pro, donc je pense qu\u2019il est trop t\u00f4t pour parler de s\u00e9lection. Je laisse les autres y penser et parler pour moi.\u00a0\u00bb<\/p>\n<p><strong>Moumen A.<\/strong><\/p>\n<p><strong>Publi\u00e9 dans :<\/strong> <span>Amine Gouiri<\/span><\/p>\n<\/div>\n<p>Auteur:<br \/>\n<a href=\"http:\/\/www.lebuteur.com\/article\/detail?titre=gouiri-ne-dement-pas-pour-lalgerie-mais%E2%80%A6&#038;id=99863&#038;utm_source=feedburner&#038;utm_medium=feed&#038;utm_campaign=Feed%3A+GalerieFArtciles+%28Les+derniers+articles++-+lebuteur.com%29\">Cliquez ici pour lire l&rsquo;article depuis sa source.<\/a><\/p>\n","protected":false},"excerpt":{"rendered":"<p>Auteur : Moumen A. mardi 27 avril 2021 16:16 Comme r\u00e9v\u00e9l\u00e9 le franco-alg\u00e9rien de l\u2019OGC Nice Amine Gouiri a \u00e9t\u00e9 contact\u00e9 pour jouer avec l\u2019Alg\u00e9rie, le mois de novembre pass\u00e9. N\u2019ayant pas encore rendu sa r\u00e9ponse, Gouiri qui est actuellement concentr\u00e9 sur son club, comme il l\u2019a laiss\u00e9 entendre dans son interview \u00e0 So Foot, [&hellip;]<\/p>\n","protected":false},"author":1738,"featured_media":0,"comment_status":"closed","ping_status":"closed","sticky":false,"template":"","format":"standard","meta":{"fifu_image_url":"\/\/cdn.lebuteur.com\/data\/images\/article\/thumbs\/large-gouiri-ne-dement-pas-pour-lalgerie-mais\u2026-cdcf8.jpg","fifu_image_alt":"Pros : Gouiri ne d\u00e9ment pas pour l\u2019Alg\u00e9rie mais\u2026","footnotes":""},"categories":[53,75],"tags":[],"class_list":["post-115700","post","type-post","status-publish","format-standard","hentry","category-algerie","category-sport"],"_links":{"self":[{"href":"https:\/\/linitiative.ca\/International\/wp-json\/wp\/v2\/posts\/115700","targetHints":{"allow":["GET"]}}],"collection":[{"href":"https:\/\/linitiative.ca\/International\/wp-json\/wp\/v2\/posts"}],"about":[{"href":"https:\/\/linitiative.ca\/International\/wp-json\/wp\/v2\/types\/post"}],"author":[{"embeddable":true,"href":"https:\/\/linitiative.ca\/International\/wp-json\/wp\/v2\/users\/1738"}],"replies":[{"embeddable":true,"href":"https:\/\/linitiative.ca\/International\/wp-json\/wp\/v2\/comments?post=115700"}],"version-history":[{"count":0,"href":"https:\/\/linitiative.ca\/International\/wp-json\/wp\/v2\/posts\/115700\/revisions"}],"wp:attachment":[{"href":"https:\/\/linitiative.ca\/International\/wp-json\/wp\/v2\/media?parent=115700"}],"wp:term":[{"taxonomy":"category","embeddable":true,"href":"https:\/\/linitiative.ca\/International\/wp-json\/wp\/v2\/categories?post=115700"},{"taxonomy":"post_tag","embeddable":true,"href":"https:\/\/linitiative.ca\/International\/wp-json\/wp\/v2\/tags?post=115700"}],"curies":[{"name":"wp","href":"https:\/\/api.w.org\/{rel}","templated":true}]}}