{"id":115701,"date":"2021-04-27T15:14:46","date_gmt":"2021-04-27T19:14:46","guid":{"rendered":"https:\/\/linitiative.ca\/International\/pros-selon-la-presse-espagnole-ce-club-espagnol-a-deja-boucle-le-transfert-de-mandi\/"},"modified":"2021-04-27T15:14:46","modified_gmt":"2021-04-27T19:14:46","slug":"pros-selon-la-presse-espagnole-ce-club-espagnol-a-deja-boucle-le-transfert-de-mandi","status":"publish","type":"post","link":"https:\/\/linitiative.ca\/International\/pros-selon-la-presse-espagnole-ce-club-espagnol-a-deja-boucle-le-transfert-de-mandi\/","title":{"rendered":"Pros : Selon la presse espagnole, ce club espagnol a d\u00e9j\u00e0 boucl\u00e9 le transfert de Mandi"},"content":{"rendered":"<div readability=\"32\">\n<p>Auteur : <span class=\"time\">mardi 27 avril 2021 18:57<\/span><\/p>\n<\/div>\n<div id=\"post_core\" readability=\"44\">\n<p>Mais finalement, l&rsquo;international alg\u00e9rien va s&rsquo;engager avec Villarreal selon les informations du quotidien madril\u00e8ne AS ce mardi.<\/p>\n<p>L&rsquo;affaire est m\u00eame \u00ab\u00a0totalement boucl\u00e9e\u00a0\u00bb et l&rsquo;ancien joueur du Stade de Reims va rejoindre sa nouvelle \u00e9quipe \u00e0 partir du 1er juillet comme l&rsquo;indique Maxifoot. Avec cette arriv\u00e9e, l&rsquo;actuel 7e de Liga anticipe probablement le d\u00e9part du d\u00e9fenseur central Pau Torres (24 ans, 29 matchs et 2 buts en Liga cette saison), particuli\u00e8rement courtis\u00e9 par des cadors europ\u00e9ens en raison de ses belles performances cette saison.<\/p>\n<p><strong>Publi\u00e9 dans :<\/strong> <span>Aissa Mandi<\/span><\/p>\n<\/div>\n<p>Auteur:<br \/>\n<a href=\"http:\/\/www.lebuteur.com\/article\/detail?titre=selon-la-presse-espagnole-ce-club-espagnol-a-deja-boucle-le-transfert-de-mandi&#038;id=99864&#038;utm_source=feedburner&#038;utm_medium=feed&#038;utm_campaign=Feed%3A+GalerieFArtciles+%28Les+derniers+articles++-+lebuteur.com%29\">Cliquez ici pour lire l&rsquo;article depuis sa source.<\/a><\/p>\n","protected":false},"excerpt":{"rendered":"<p>Auteur : mardi 27 avril 2021 18:57 Mais finalement, l&rsquo;international alg\u00e9rien va s&rsquo;engager avec Villarreal selon les informations du quotidien madril\u00e8ne AS ce mardi. L&rsquo;affaire est m\u00eame \u00ab\u00a0totalement boucl\u00e9e\u00a0\u00bb et l&rsquo;ancien joueur du Stade de Reims va rejoindre sa nouvelle \u00e9quipe \u00e0 partir du 1er juillet comme l&rsquo;indique Maxifoot. Avec cette arriv\u00e9e, l&rsquo;actuel 7e de [&hellip;]<\/p>\n","protected":false},"author":1738,"featured_media":0,"comment_status":"closed","ping_status":"closed","sticky":false,"template":"","format":"standard","meta":{"fifu_image_url":"\/\/cdn.lebuteur.com\/data\/images\/article\/thumbs\/large-99864selon-la-presse-espagnole-ce-club-espagnol-a-deja-boucle-le-transfert-de-mandi-29661.jpg","fifu_image_alt":"Pros : Selon la presse espagnole, ce club espagnol a d\u00e9j\u00e0 boucl\u00e9 le transfert de Mandi","footnotes":""},"categories":[53,75],"tags":[],"class_list":["post-115701","post","type-post","status-publish","format-standard","hentry","category-algerie","category-sport"],"_links":{"self":[{"href":"https:\/\/linitiative.ca\/International\/wp-json\/wp\/v2\/posts\/115701","targetHints":{"allow":["GET"]}}],"collection":[{"href":"https:\/\/linitiative.ca\/International\/wp-json\/wp\/v2\/posts"}],"about":[{"href":"https:\/\/linitiative.ca\/International\/wp-json\/wp\/v2\/types\/post"}],"author":[{"embeddable":true,"href":"https:\/\/linitiative.ca\/International\/wp-json\/wp\/v2\/users\/1738"}],"replies":[{"embeddable":true,"href":"https:\/\/linitiative.ca\/International\/wp-json\/wp\/v2\/comments?post=115701"}],"version-history":[{"count":0,"href":"https:\/\/linitiative.ca\/International\/wp-json\/wp\/v2\/posts\/115701\/revisions"}],"wp:attachment":[{"href":"https:\/\/linitiative.ca\/International\/wp-json\/wp\/v2\/media?parent=115701"}],"wp:term":[{"taxonomy":"category","embeddable":true,"href":"https:\/\/linitiative.ca\/International\/wp-json\/wp\/v2\/categories?post=115701"},{"taxonomy":"post_tag","embeddable":true,"href":"https:\/\/linitiative.ca\/International\/wp-json\/wp\/v2\/tags?post=115701"}],"curies":[{"name":"wp","href":"https:\/\/api.w.org\/{rel}","templated":true}]}}